{"id":885,"date":"2022-10-26T20:06:27","date_gmt":"2022-10-26T18:06:27","guid":{"rendered":"https:\/\/yanica.fr\/?p=885"},"modified":"2023-10-28T18:09:59","modified_gmt":"2023-10-28T16:09:59","slug":"deja-prepare-pour-lhiver","status":"publish","type":"post","link":"https:\/\/yanica.fr\/?p=885","title":{"rendered":"D\u00e9j\u00e0 pr\u00e9par\u00e9 pour l&rsquo;hiver !"},"content":{"rendered":"\n<p>Novembre , c&rsquo;est demain et on va mettre Yanica \u00e0 l&rsquo;abri pour l&rsquo;hiver au chantier du Redo; Aujourd&rsquo;hui le d\u00e9m\u00e2tage plein de pr\u00e9cautions avec Claude, Yves , Baptiste, les autres et les op\u00e9rateurs du port du Crouesty . Merci \u00e0 tous des pr\u00e9cautions prises autour des vernis, du m\u00e2t, des espars, de tout.<\/p>\n\n\n\n<figure class=\"wp-block-image size-large is-resized\"><img decoding=\"async\" loading=\"lazy\" src=\"https:\/\/yanica.fr\/wp-content\/uploads\/2022\/10\/1666803118701-766x1024.jpg\" alt=\"\" class=\"wp-image-886\" width=\"676\" height=\"904\" srcset=\"https:\/\/yanica.fr\/wp-content\/uploads\/2022\/10\/1666803118701-766x1024.jpg 766w, https:\/\/yanica.fr\/wp-content\/uploads\/2022\/10\/1666803118701-224x300.jpg 224w, https:\/\/yanica.fr\/wp-content\/uploads\/2022\/10\/1666803118701-768x1027.jpg 768w, https:\/\/yanica.fr\/wp-content\/uploads\/2022\/10\/1666803118701-1149x1536.jpg 1149w, https:\/\/yanica.fr\/wp-content\/uploads\/2022\/10\/1666803118701-1532x2048.jpg 1532w, https:\/\/yanica.fr\/wp-content\/uploads\/2022\/10\/1666803118701-scaled.jpg 1915w\" sizes=\"(max-width: 676px) 100vw, 676px\" \/><figcaption><strong><em>La nacelle pour mettre la protection du m\u00e2t, poser la cravate. Les apparaux de la grue sont aussi prot\u00e9g\u00e9s.<\/em><\/strong><\/figcaption><\/figure>\n\n\n\n<figure class=\"wp-block-image size-large\"><img decoding=\"async\" loading=\"lazy\" width=\"766\" height=\"1024\" src=\"https:\/\/yanica.fr\/wp-content\/uploads\/2022\/10\/1666803090594-766x1024.jpg\" alt=\"\" class=\"wp-image-887\" srcset=\"https:\/\/yanica.fr\/wp-content\/uploads\/2022\/10\/1666803090594-766x1024.jpg 766w, https:\/\/yanica.fr\/wp-content\/uploads\/2022\/10\/1666803090594-224x300.jpg 224w, https:\/\/yanica.fr\/wp-content\/uploads\/2022\/10\/1666803090594-768x1027.jpg 768w, https:\/\/yanica.fr\/wp-content\/uploads\/2022\/10\/1666803090594-1149x1536.jpg 1149w, https:\/\/yanica.fr\/wp-content\/uploads\/2022\/10\/1666803090594-1532x2048.jpg 1532w, https:\/\/yanica.fr\/wp-content\/uploads\/2022\/10\/1666803090594-scaled.jpg 1915w\" sizes=\"(max-width: 706px) 89vw, (max-width: 767px) 82vw, 740px\" \/><figcaption><strong>Et voil\u00e0 ,le M\u00e2t est parti en hivernage<\/strong><\/figcaption><\/figure>\n\n\n\n<p>. Demain, Yanica sera sorti de l&rsquo;eau et ira se mettre \u00e0 l&rsquo;abri sous un beau hangar du Redo<\/p>\n","protected":false},"excerpt":{"rendered":"<p>Novembre , c&rsquo;est demain et on va mettre Yanica \u00e0 l&rsquo;abri pour l&rsquo;hiver au chantier du Redo; Aujourd&rsquo;hui le d\u00e9m\u00e2tage plein de pr\u00e9cautions avec Claude, Yves , Baptiste, les autres et les op\u00e9rateurs du port du Crouesty . Merci \u00e0 tous des pr\u00e9cautions prises autour des vernis, du m\u00e2t, des espars, de tout. . Demain, &hellip; <\/p>\n<p class=\"link-more\"><a href=\"https:\/\/yanica.fr\/?p=885\" class=\"more-link\">Continuer la lecture<span class=\"screen-reader-text\"> de &laquo;&nbsp;D\u00e9j\u00e0 pr\u00e9par\u00e9 pour l&rsquo;hiver !&nbsp;&raquo;<\/span><\/a><\/p>\n","protected":false},"author":1,"featured_media":0,"comment_status":"open","ping_status":"open","sticky":false,"template":"","format":"standard","meta":{"jetpack_post_was_ever_published":false,"_jetpack_newsletter_access":"","footnotes":""},"categories":[1,6],"tags":[],"jetpack_featured_media_url":"","jetpack_sharing_enabled":true,"_links":{"self":[{"href":"https:\/\/yanica.fr\/index.php?rest_route=\/wp\/v2\/posts\/885"}],"collection":[{"href":"https:\/\/yanica.fr\/index.php?rest_route=\/wp\/v2\/posts"}],"about":[{"href":"https:\/\/yanica.fr\/index.php?rest_route=\/wp\/v2\/types\/post"}],"author":[{"embeddable":true,"href":"https:\/\/yanica.fr\/index.php?rest_route=\/wp\/v2\/users\/1"}],"replies":[{"embeddable":true,"href":"https:\/\/yanica.fr\/index.php?rest_route=%2Fwp%2Fv2%2Fcomments&post=885"}],"version-history":[{"count":1,"href":"https:\/\/yanica.fr\/index.php?rest_route=\/wp\/v2\/posts\/885\/revisions"}],"predecessor-version":[{"id":888,"href":"https:\/\/yanica.fr\/index.php?rest_route=\/wp\/v2\/posts\/885\/revisions\/888"}],"wp:attachment":[{"href":"https:\/\/yanica.fr\/index.php?rest_route=%2Fwp%2Fv2%2Fmedia&parent=885"}],"wp:term":[{"taxonomy":"category","embeddable":true,"href":"https:\/\/yanica.fr\/index.php?rest_route=%2Fwp%2Fv2%2Fcategories&post=885"},{"taxonomy":"post_tag","embeddable":true,"href":"https:\/\/yanica.fr\/index.php?rest_route=%2Fwp%2Fv2%2Ftags&post=885"}],"curies":[{"name":"wp","href":"https:\/\/api.w.org\/{rel}","templated":true}]}}