{"id":863,"date":"2022-07-03T16:00:38","date_gmt":"2022-07-03T14:00:38","guid":{"rendered":"https:\/\/yanica.fr\/?p=863"},"modified":"2023-10-28T18:09:59","modified_gmt":"2023-10-28T16:09:59","slug":"la-grande-question-quand-yanica-sort-il-de-la-cabine-de-peinture-pour-etre-mate","status":"publish","type":"post","link":"https:\/\/yanica.fr\/?p=863","title":{"rendered":"LA GRANDE QUESTION : QUAND YANICA SORT-IL DE LA CABINE DE PEINTURE POUR \u00caTRE MATE ??"},"content":{"rendered":"\n<p>Comme le montrent les photos suivantes, les peintures et vernis de Yanica sont bien avanc\u00e9es quoiqu&rsquo;en retard d&rsquo;un bon mois. Yanica n&rsquo;a pas pu participer au Rendez Vous de B\u00e9nodet et ne sera sans doute pas au rassemblement de Douarnenez du 12 au 14 juillet . Nous le regrettons tous \u00e9videmment.<\/p>\n\n\n\n<figure class=\"wp-block-image size-large\"><img decoding=\"async\" loading=\"lazy\" width=\"766\" height=\"1024\" src=\"https:\/\/yanica.fr\/wp-content\/uploads\/2022\/07\/1267784683029166980-766x1024.jpg\" alt=\"\" class=\"wp-image-864\" srcset=\"https:\/\/yanica.fr\/wp-content\/uploads\/2022\/07\/1267784683029166980-766x1024.jpg 766w, https:\/\/yanica.fr\/wp-content\/uploads\/2022\/07\/1267784683029166980-224x300.jpg 224w, https:\/\/yanica.fr\/wp-content\/uploads\/2022\/07\/1267784683029166980-768x1027.jpg 768w, https:\/\/yanica.fr\/wp-content\/uploads\/2022\/07\/1267784683029166980-1149x1536.jpg 1149w, https:\/\/yanica.fr\/wp-content\/uploads\/2022\/07\/1267784683029166980.jpg 1370w\" sizes=\"(max-width: 706px) 89vw, (max-width: 767px) 82vw, 740px\" \/><figcaption><strong><em>Les peintures du pont sont termin\u00e9es, avec les r\u00e9servations n\u00e9cessaires sans antid\u00e9rapant.<\/em><\/strong><\/figcaption><\/figure>\n\n\n\n<figure class=\"wp-block-image size-full\"><img decoding=\"async\" loading=\"lazy\" width=\"320\" height=\"240\" src=\"https:\/\/yanica.fr\/wp-content\/uploads\/2022\/07\/8239773073677845528.jpg\" alt=\"\" class=\"wp-image-865\" srcset=\"https:\/\/yanica.fr\/wp-content\/uploads\/2022\/07\/8239773073677845528.jpg 320w, https:\/\/yanica.fr\/wp-content\/uploads\/2022\/07\/8239773073677845528-300x225.jpg 300w\" sizes=\"(max-width: 320px) 100vw, 320px\" \/><figcaption><strong><em>Puis, les peintures sont prot\u00e9g\u00e9es pour faire les vernis<\/em><\/strong><\/figcaption><\/figure>\n\n\n\n<figure class=\"wp-block-image size-full\"><img decoding=\"async\" loading=\"lazy\" width=\"480\" height=\"640\" src=\"https:\/\/yanica.fr\/wp-content\/uploads\/2022\/07\/IMG_0009-rotated.jpg\" alt=\"\" class=\"wp-image-866\" srcset=\"https:\/\/yanica.fr\/wp-content\/uploads\/2022\/07\/IMG_0009-rotated.jpg 480w, https:\/\/yanica.fr\/wp-content\/uploads\/2022\/07\/IMG_0009-225x300.jpg 225w\" sizes=\"(max-width: 480px) 100vw, 480px\" \/><figcaption><strong><em>semaine suivante, fin juin, vernis en cours<\/em><\/strong><\/figcaption><\/figure>\n\n\n\n<p>Dans la semaine du 3 au 10 juillet, Yanica devrait donc sortir de cabine , Fran\u00e7ois Blatrix commencer \u00e0 remonter l&rsquo;accastillage, E3 marine embarquer pour l&rsquo;\u00e9lectronique et l&rsquo;\u00e9lectricit\u00e9, et le gr\u00e9eur se pr\u00e9parer \u00e0 venir coop\u00e9rer au matage &#8230;! On allume des cierges !<\/p>\n","protected":false},"excerpt":{"rendered":"<p>Comme le montrent les photos suivantes, les peintures et vernis de Yanica sont bien avanc\u00e9es quoiqu&rsquo;en retard d&rsquo;un bon mois. Yanica n&rsquo;a pas pu participer au Rendez Vous de B\u00e9nodet et ne sera sans doute pas au rassemblement de Douarnenez du 12 au 14 juillet . Nous le regrettons tous \u00e9videmment. Dans la semaine du &hellip; <\/p>\n<p class=\"link-more\"><a href=\"https:\/\/yanica.fr\/?p=863\" class=\"more-link\">Continuer la lecture<span class=\"screen-reader-text\"> de &laquo;&nbsp;LA GRANDE QUESTION : QUAND YANICA SORT-IL DE LA CABINE DE PEINTURE POUR \u00caTRE MATE ??&nbsp;&raquo;<\/span><\/a><\/p>\n","protected":false},"author":1,"featured_media":0,"comment_status":"open","ping_status":"open","sticky":false,"template":"","format":"standard","meta":{"jetpack_post_was_ever_published":false,"_jetpack_newsletter_access":"","footnotes":""},"categories":[1,6],"tags":[],"jetpack_featured_media_url":"","jetpack_sharing_enabled":true,"_links":{"self":[{"href":"https:\/\/yanica.fr\/index.php?rest_route=\/wp\/v2\/posts\/863"}],"collection":[{"href":"https:\/\/yanica.fr\/index.php?rest_route=\/wp\/v2\/posts"}],"about":[{"href":"https:\/\/yanica.fr\/index.php?rest_route=\/wp\/v2\/types\/post"}],"author":[{"embeddable":true,"href":"https:\/\/yanica.fr\/index.php?rest_route=\/wp\/v2\/users\/1"}],"replies":[{"embeddable":true,"href":"https:\/\/yanica.fr\/index.php?rest_route=%2Fwp%2Fv2%2Fcomments&post=863"}],"version-history":[{"count":1,"href":"https:\/\/yanica.fr\/index.php?rest_route=\/wp\/v2\/posts\/863\/revisions"}],"predecessor-version":[{"id":867,"href":"https:\/\/yanica.fr\/index.php?rest_route=\/wp\/v2\/posts\/863\/revisions\/867"}],"wp:attachment":[{"href":"https:\/\/yanica.fr\/index.php?rest_route=%2Fwp%2Fv2%2Fmedia&parent=863"}],"wp:term":[{"taxonomy":"category","embeddable":true,"href":"https:\/\/yanica.fr\/index.php?rest_route=%2Fwp%2Fv2%2Fcategories&post=863"},{"taxonomy":"post_tag","embeddable":true,"href":"https:\/\/yanica.fr\/index.php?rest_route=%2Fwp%2Fv2%2Ftags&post=863"}],"curies":[{"name":"wp","href":"https:\/\/api.w.org\/{rel}","templated":true}]}}