{"id":845,"date":"2022-05-17T15:17:35","date_gmt":"2022-05-17T13:17:35","guid":{"rendered":"https:\/\/yanica.fr\/?p=845"},"modified":"2023-10-28T18:09:59","modified_gmt":"2023-10-28T16:09:59","slug":"a-la-mi-mai-quoi-de-neuf-par-ici","status":"publish","type":"post","link":"https:\/\/yanica.fr\/?p=845","title":{"rendered":"A la mi-Mai, Quoi de neuf par ici ??"},"content":{"rendered":"\n<p>Tout d&rsquo;abord, les peintures int\u00e9rieures et vernis sont finis et c&rsquo;est un vrai pas en avant quoiqu&rsquo;avec un retard significatif . Quelques illustrations :<\/p>\n\n\n\n<figure class=\"wp-block-image size-large\"><img decoding=\"async\" loading=\"lazy\" width=\"1024\" height=\"768\" src=\"https:\/\/yanica.fr\/wp-content\/uploads\/2022\/05\/IMG_7569-1024x768.jpg\" alt=\"\" class=\"wp-image-848\" srcset=\"https:\/\/yanica.fr\/wp-content\/uploads\/2022\/05\/IMG_7569-1024x768.jpg 1024w, https:\/\/yanica.fr\/wp-content\/uploads\/2022\/05\/IMG_7569-300x225.jpg 300w, https:\/\/yanica.fr\/wp-content\/uploads\/2022\/05\/IMG_7569-768x576.jpg 768w, https:\/\/yanica.fr\/wp-content\/uploads\/2022\/05\/IMG_7569-1536x1152.jpg 1536w, https:\/\/yanica.fr\/wp-content\/uploads\/2022\/05\/IMG_7569-2048x1536.jpg 2048w\" sizes=\"(max-width: 767px) 89vw, (max-width: 1000px) 54vw, (max-width: 1071px) 543px, 580px\" \/><\/figure>\n\n\n\n<p>L<strong><em>e Carr\u00e9 et la Table \u00e0 Cartes<\/em><\/strong><\/p>\n\n\n\n<figure class=\"wp-block-image size-large\"><img decoding=\"async\" loading=\"lazy\" width=\"1024\" height=\"768\" src=\"https:\/\/yanica.fr\/wp-content\/uploads\/2022\/05\/IMG_7571-1024x768.jpg\" alt=\"\" class=\"wp-image-849\" srcset=\"https:\/\/yanica.fr\/wp-content\/uploads\/2022\/05\/IMG_7571-1024x768.jpg 1024w, https:\/\/yanica.fr\/wp-content\/uploads\/2022\/05\/IMG_7571-300x225.jpg 300w, https:\/\/yanica.fr\/wp-content\/uploads\/2022\/05\/IMG_7571-768x576.jpg 768w, https:\/\/yanica.fr\/wp-content\/uploads\/2022\/05\/IMG_7571-1536x1152.jpg 1536w, https:\/\/yanica.fr\/wp-content\/uploads\/2022\/05\/IMG_7571-2048x1536.jpg 2048w\" sizes=\"(max-width: 767px) 89vw, (max-width: 1000px) 54vw, (max-width: 1071px) 543px, 580px\" \/><\/figure>\n\n\n\n<p><strong><em>Cot\u00e9 Bar &#8230;<\/em><\/strong><\/p>\n\n\n\n<figure class=\"wp-block-image size-large\"><img decoding=\"async\" loading=\"lazy\" width=\"1024\" height=\"768\" src=\"https:\/\/yanica.fr\/wp-content\/uploads\/2022\/05\/IMG_7575-1024x768.jpg\" alt=\"\" class=\"wp-image-850\" srcset=\"https:\/\/yanica.fr\/wp-content\/uploads\/2022\/05\/IMG_7575-1024x768.jpg 1024w, https:\/\/yanica.fr\/wp-content\/uploads\/2022\/05\/IMG_7575-300x225.jpg 300w, https:\/\/yanica.fr\/wp-content\/uploads\/2022\/05\/IMG_7575-768x576.jpg 768w, https:\/\/yanica.fr\/wp-content\/uploads\/2022\/05\/IMG_7575-1536x1152.jpg 1536w, https:\/\/yanica.fr\/wp-content\/uploads\/2022\/05\/IMG_7575-2048x1536.jpg 2048w\" sizes=\"(max-width: 767px) 89vw, (max-width: 1000px) 54vw, (max-width: 1071px) 543px, 580px\" \/><figcaption><strong><em>En cuisine, il faudra remonter la cuisini\u00e8res et les fa\u00e7ades de placards<\/em><\/strong><\/figcaption><\/figure>\n\n\n\n<figure class=\"wp-block-image size-large\"><img decoding=\"async\" loading=\"lazy\" width=\"1024\" height=\"768\" src=\"https:\/\/yanica.fr\/wp-content\/uploads\/2022\/05\/IMG_7573-1024x768.jpg\" alt=\"\" class=\"wp-image-851\" srcset=\"https:\/\/yanica.fr\/wp-content\/uploads\/2022\/05\/IMG_7573-1024x768.jpg 1024w, https:\/\/yanica.fr\/wp-content\/uploads\/2022\/05\/IMG_7573-300x225.jpg 300w, https:\/\/yanica.fr\/wp-content\/uploads\/2022\/05\/IMG_7573-768x576.jpg 768w, https:\/\/yanica.fr\/wp-content\/uploads\/2022\/05\/IMG_7573-1536x1152.jpg 1536w, https:\/\/yanica.fr\/wp-content\/uploads\/2022\/05\/IMG_7573-2048x1536.jpg 2048w\" sizes=\"(max-width: 767px) 89vw, (max-width: 1000px) 54vw, (max-width: 1071px) 543px, 580px\" \/><figcaption><strong><em>Table \u00e0 cartes rutilante<\/em><\/strong><\/figcaption><\/figure>\n\n\n\n<p>Que se passe-t-il au dehors ? La peinture des \u0153uvres mortes se termine . Les couches de vernis protectrices se succ\u00e8dent comme le montre cette photo de l&rsquo;\u00e9trave. Cette \u00e9trave voit apparaitre l&rsquo;hermine dessin\u00e9e et grav\u00e9e dans le bois par Lo\u00efc, puis peinte \u00e0 main lev\u00e9e par Gurvan.<\/p>\n\n\n\n<figure class=\"wp-block-image size-large\"><img decoding=\"async\" loading=\"lazy\" width=\"766\" height=\"1024\" src=\"https:\/\/yanica.fr\/wp-content\/uploads\/2022\/05\/IMG_20220516_142821-766x1024.jpg\" alt=\"\" class=\"wp-image-852\" srcset=\"https:\/\/yanica.fr\/wp-content\/uploads\/2022\/05\/IMG_20220516_142821-766x1024.jpg 766w, https:\/\/yanica.fr\/wp-content\/uploads\/2022\/05\/IMG_20220516_142821-224x300.jpg 224w, https:\/\/yanica.fr\/wp-content\/uploads\/2022\/05\/IMG_20220516_142821-768x1027.jpg 768w, https:\/\/yanica.fr\/wp-content\/uploads\/2022\/05\/IMG_20220516_142821-1149x1536.jpg 1149w, https:\/\/yanica.fr\/wp-content\/uploads\/2022\/05\/IMG_20220516_142821-1532x2048.jpg 1532w, https:\/\/yanica.fr\/wp-content\/uploads\/2022\/05\/IMG_20220516_142821-scaled.jpg 1915w\" sizes=\"(max-width: 706px) 89vw, (max-width: 767px) 82vw, 740px\" \/><\/figure>\n\n\n\n<figure class=\"wp-block-image size-large is-resized\"><img decoding=\"async\" loading=\"lazy\" src=\"https:\/\/yanica.fr\/wp-content\/uploads\/2022\/05\/IMG_7567-1024x768.jpg\" alt=\"\" class=\"wp-image-853\" width=\"674\" height=\"505\" srcset=\"https:\/\/yanica.fr\/wp-content\/uploads\/2022\/05\/IMG_7567-1024x768.jpg 1024w, https:\/\/yanica.fr\/wp-content\/uploads\/2022\/05\/IMG_7567-300x225.jpg 300w, https:\/\/yanica.fr\/wp-content\/uploads\/2022\/05\/IMG_7567-768x576.jpg 768w, https:\/\/yanica.fr\/wp-content\/uploads\/2022\/05\/IMG_7567-1536x1152.jpg 1536w, https:\/\/yanica.fr\/wp-content\/uploads\/2022\/05\/IMG_7567-2048x1536.jpg 2048w\" sizes=\"(max-width: 674px) 100vw, 674px\" \/><figcaption><strong><em>Une vue de l&rsquo;arri\u00e8re , pour finir.. Le tableau ARR verni est ici masqu\u00e9.<\/em><\/strong><\/figcaption><\/figure>\n\n\n\n<p><\/p>\n","protected":false},"excerpt":{"rendered":"<p>Tout d&rsquo;abord, les peintures int\u00e9rieures et vernis sont finis et c&rsquo;est un vrai pas en avant quoiqu&rsquo;avec un retard significatif . Quelques illustrations : Le Carr\u00e9 et la Table \u00e0 Cartes Cot\u00e9 Bar &#8230; Que se passe-t-il au dehors ? La peinture des \u0153uvres mortes se termine . Les couches de vernis protectrices se succ\u00e8dent &hellip; <\/p>\n<p class=\"link-more\"><a href=\"https:\/\/yanica.fr\/?p=845\" class=\"more-link\">Continuer la lecture<span class=\"screen-reader-text\"> de &laquo;&nbsp;A la mi-Mai, Quoi de neuf par ici ??&nbsp;&raquo;<\/span><\/a><\/p>\n","protected":false},"author":1,"featured_media":0,"comment_status":"open","ping_status":"open","sticky":false,"template":"","format":"standard","meta":{"jetpack_post_was_ever_published":false,"_jetpack_newsletter_access":"","footnotes":""},"categories":[1,6],"tags":[],"jetpack_featured_media_url":"","jetpack_sharing_enabled":true,"_links":{"self":[{"href":"https:\/\/yanica.fr\/index.php?rest_route=\/wp\/v2\/posts\/845"}],"collection":[{"href":"https:\/\/yanica.fr\/index.php?rest_route=\/wp\/v2\/posts"}],"about":[{"href":"https:\/\/yanica.fr\/index.php?rest_route=\/wp\/v2\/types\/post"}],"author":[{"embeddable":true,"href":"https:\/\/yanica.fr\/index.php?rest_route=\/wp\/v2\/users\/1"}],"replies":[{"embeddable":true,"href":"https:\/\/yanica.fr\/index.php?rest_route=%2Fwp%2Fv2%2Fcomments&post=845"}],"version-history":[{"count":1,"href":"https:\/\/yanica.fr\/index.php?rest_route=\/wp\/v2\/posts\/845\/revisions"}],"predecessor-version":[{"id":854,"href":"https:\/\/yanica.fr\/index.php?rest_route=\/wp\/v2\/posts\/845\/revisions\/854"}],"wp:attachment":[{"href":"https:\/\/yanica.fr\/index.php?rest_route=%2Fwp%2Fv2%2Fmedia&parent=845"}],"wp:term":[{"taxonomy":"category","embeddable":true,"href":"https:\/\/yanica.fr\/index.php?rest_route=%2Fwp%2Fv2%2Fcategories&post=845"},{"taxonomy":"post_tag","embeddable":true,"href":"https:\/\/yanica.fr\/index.php?rest_route=%2Fwp%2Fv2%2Ftags&post=845"}],"curies":[{"name":"wp","href":"https:\/\/api.w.org\/{rel}","templated":true}]}}