{"id":784,"date":"2022-02-01T17:51:52","date_gmt":"2022-02-01T16:51:52","guid":{"rendered":"https:\/\/yanica.fr\/?p=784"},"modified":"2023-10-28T18:09:59","modified_gmt":"2023-10-28T16:09:59","slug":"la-visite-du-1er-fevrier-2022","status":"publish","type":"post","link":"https:\/\/yanica.fr\/?p=784","title":{"rendered":"La visite du 1er f\u00e9vrier 2022"},"content":{"rendered":"\n<p>Quelques ultimes travaux avant le d\u00e9part en cabine de peinture.<\/p>\n\n\n\n<figure class=\"wp-block-image size-large\"><img decoding=\"async\" loading=\"lazy\" width=\"1024\" height=\"768\" src=\"https:\/\/yanica.fr\/wp-content\/uploads\/2022\/02\/IMG_1048-1-1024x768.jpg\" alt=\"\" class=\"wp-image-786\" srcset=\"https:\/\/yanica.fr\/wp-content\/uploads\/2022\/02\/IMG_1048-1-1024x768.jpg 1024w, https:\/\/yanica.fr\/wp-content\/uploads\/2022\/02\/IMG_1048-1-300x225.jpg 300w, https:\/\/yanica.fr\/wp-content\/uploads\/2022\/02\/IMG_1048-1-768x576.jpg 768w, https:\/\/yanica.fr\/wp-content\/uploads\/2022\/02\/IMG_1048-1-1536x1152.jpg 1536w, https:\/\/yanica.fr\/wp-content\/uploads\/2022\/02\/IMG_1048-1.jpg 2048w\" sizes=\"(max-width: 767px) 89vw, (max-width: 1000px) 54vw, (max-width: 1071px) 543px, 580px\" \/><figcaption><strong><em>Apparition de la main courante\/ cale pied le long des surbaux<\/em><\/strong><\/figcaption><\/figure>\n\n\n\n<figure class=\"wp-block-image size-large\"><img decoding=\"async\" loading=\"lazy\" width=\"1024\" height=\"768\" src=\"https:\/\/yanica.fr\/wp-content\/uploads\/2022\/02\/IMG_1049-1024x768.jpg\" alt=\"\" class=\"wp-image-787\" srcset=\"https:\/\/yanica.fr\/wp-content\/uploads\/2022\/02\/IMG_1049-1024x768.jpg 1024w, https:\/\/yanica.fr\/wp-content\/uploads\/2022\/02\/IMG_1049-300x225.jpg 300w, https:\/\/yanica.fr\/wp-content\/uploads\/2022\/02\/IMG_1049-768x576.jpg 768w, https:\/\/yanica.fr\/wp-content\/uploads\/2022\/02\/IMG_1049-1536x1152.jpg 1536w, https:\/\/yanica.fr\/wp-content\/uploads\/2022\/02\/IMG_1049.jpg 2048w\" sizes=\"(max-width: 767px) 89vw, (max-width: 1000px) 54vw, (max-width: 1071px) 543px, 580px\" \/><figcaption><strong><em>Sur le pont arri\u00e8re , les capots sont pos\u00e9s et le massif qui recevra le winch de yankee est en place<\/em><\/strong><\/figcaption><\/figure>\n\n\n\n<figure class=\"wp-block-image size-large\"><img decoding=\"async\" loading=\"lazy\" width=\"1024\" height=\"768\" src=\"https:\/\/yanica.fr\/wp-content\/uploads\/2022\/02\/IMG_1050-1024x768.jpg\" alt=\"\" class=\"wp-image-788\" srcset=\"https:\/\/yanica.fr\/wp-content\/uploads\/2022\/02\/IMG_1050-1024x768.jpg 1024w, https:\/\/yanica.fr\/wp-content\/uploads\/2022\/02\/IMG_1050-300x225.jpg 300w, https:\/\/yanica.fr\/wp-content\/uploads\/2022\/02\/IMG_1050-768x576.jpg 768w, https:\/\/yanica.fr\/wp-content\/uploads\/2022\/02\/IMG_1050-1536x1152.jpg 1536w, https:\/\/yanica.fr\/wp-content\/uploads\/2022\/02\/IMG_1050-2048x1536.jpg 2048w\" sizes=\"(max-width: 767px) 89vw, (max-width: 1000px) 54vw, (max-width: 1071px) 543px, 580px\" \/><\/figure>\n\n\n\n<p>E<strong><em>t \u00e7a ouvre sur des charni\u00e8res !!<\/em><\/strong><\/p>\n\n\n\n<p>A l&rsquo;avant , de chaque cot\u00e9 de l&rsquo;\u00e9trave, Lo\u00efc a grav\u00e9 l&rsquo;hermine, comme au neuvage de Yanica.<\/p>\n\n\n\n<figure class=\"wp-block-image size-large\"><img decoding=\"async\" loading=\"lazy\" width=\"1024\" height=\"768\" src=\"https:\/\/yanica.fr\/wp-content\/uploads\/2022\/02\/IMG_1052-1024x768.jpg\" alt=\"\" class=\"wp-image-789\" srcset=\"https:\/\/yanica.fr\/wp-content\/uploads\/2022\/02\/IMG_1052-1024x768.jpg 1024w, https:\/\/yanica.fr\/wp-content\/uploads\/2022\/02\/IMG_1052-300x225.jpg 300w, https:\/\/yanica.fr\/wp-content\/uploads\/2022\/02\/IMG_1052-768x576.jpg 768w, https:\/\/yanica.fr\/wp-content\/uploads\/2022\/02\/IMG_1052-1536x1152.jpg 1536w, https:\/\/yanica.fr\/wp-content\/uploads\/2022\/02\/IMG_1052-2048x1536.jpg 2048w\" sizes=\"(max-width: 767px) 89vw, (max-width: 1000px) 54vw, (max-width: 1071px) 543px, 580px\" \/><figcaption><strong><em>Et la voil\u00e0 cette hermine plus rapide que son ombre &#8230;<\/em><\/strong><\/figcaption><\/figure>\n\n\n\n<p>Enfin , l&rsquo;\u00e9pontille de pied de mat est toute bien repeinte et va rejoindre sa place dans le carr\u00e9 sous le pied de mat. Elle est pos\u00e9e sur un massif de ch\u00e8ne dont une partie fait cale en V pour le calage correct.<\/p>\n\n\n\n<figure class=\"wp-block-image size-large\"><img decoding=\"async\" loading=\"lazy\" width=\"1024\" height=\"768\" src=\"https:\/\/yanica.fr\/wp-content\/uploads\/2022\/02\/IMG_1057-1024x768.jpg\" alt=\"\" class=\"wp-image-790\" srcset=\"https:\/\/yanica.fr\/wp-content\/uploads\/2022\/02\/IMG_1057-1024x768.jpg 1024w, https:\/\/yanica.fr\/wp-content\/uploads\/2022\/02\/IMG_1057-300x225.jpg 300w, https:\/\/yanica.fr\/wp-content\/uploads\/2022\/02\/IMG_1057-768x576.jpg 768w, https:\/\/yanica.fr\/wp-content\/uploads\/2022\/02\/IMG_1057-1536x1152.jpg 1536w, https:\/\/yanica.fr\/wp-content\/uploads\/2022\/02\/IMG_1057-2048x1536.jpg 2048w\" sizes=\"(max-width: 767px) 89vw, (max-width: 1000px) 54vw, (max-width: 1071px) 543px, 580px\" \/><\/figure>\n","protected":false},"excerpt":{"rendered":"<p>Quelques ultimes travaux avant le d\u00e9part en cabine de peinture. Et \u00e7a ouvre sur des charni\u00e8res !! A l&rsquo;avant , de chaque cot\u00e9 de l&rsquo;\u00e9trave, Lo\u00efc a grav\u00e9 l&rsquo;hermine, comme au neuvage de Yanica. Enfin , l&rsquo;\u00e9pontille de pied de mat est toute bien repeinte et va rejoindre sa place dans le carr\u00e9 sous le &hellip; <\/p>\n<p class=\"link-more\"><a href=\"https:\/\/yanica.fr\/?p=784\" class=\"more-link\">Continuer la lecture<span class=\"screen-reader-text\"> de &laquo;&nbsp;La visite du 1er f\u00e9vrier 2022&nbsp;&raquo;<\/span><\/a><\/p>\n","protected":false},"author":1,"featured_media":0,"comment_status":"open","ping_status":"open","sticky":false,"template":"","format":"standard","meta":{"jetpack_post_was_ever_published":false,"_jetpack_newsletter_access":"","footnotes":""},"categories":[1,6],"tags":[],"jetpack_featured_media_url":"","jetpack_sharing_enabled":true,"_links":{"self":[{"href":"https:\/\/yanica.fr\/index.php?rest_route=\/wp\/v2\/posts\/784"}],"collection":[{"href":"https:\/\/yanica.fr\/index.php?rest_route=\/wp\/v2\/posts"}],"about":[{"href":"https:\/\/yanica.fr\/index.php?rest_route=\/wp\/v2\/types\/post"}],"author":[{"embeddable":true,"href":"https:\/\/yanica.fr\/index.php?rest_route=\/wp\/v2\/users\/1"}],"replies":[{"embeddable":true,"href":"https:\/\/yanica.fr\/index.php?rest_route=%2Fwp%2Fv2%2Fcomments&post=784"}],"version-history":[{"count":2,"href":"https:\/\/yanica.fr\/index.php?rest_route=\/wp\/v2\/posts\/784\/revisions"}],"predecessor-version":[{"id":792,"href":"https:\/\/yanica.fr\/index.php?rest_route=\/wp\/v2\/posts\/784\/revisions\/792"}],"wp:attachment":[{"href":"https:\/\/yanica.fr\/index.php?rest_route=%2Fwp%2Fv2%2Fmedia&parent=784"}],"wp:term":[{"taxonomy":"category","embeddable":true,"href":"https:\/\/yanica.fr\/index.php?rest_route=%2Fwp%2Fv2%2Fcategories&post=784"},{"taxonomy":"post_tag","embeddable":true,"href":"https:\/\/yanica.fr\/index.php?rest_route=%2Fwp%2Fv2%2Ftags&post=784"}],"curies":[{"name":"wp","href":"https:\/\/api.w.org\/{rel}","templated":true}]}}