{"id":604,"date":"2021-09-14T17:07:32","date_gmt":"2021-09-14T15:07:32","guid":{"rendered":"https:\/\/yanica.fr\/?p=604"},"modified":"2023-10-28T18:10:00","modified_gmt":"2023-10-28T16:10:00","slug":"mardi-14-septembre-2021","status":"publish","type":"post","link":"https:\/\/yanica.fr\/?p=604","title":{"rendered":"MARDI 14 SEPTEMBRE 2021"},"content":{"rendered":"\n<p>Voyons ce qui continue \u00e0 avancer sur Yanica .<\/p>\n\n\n\n<p>D&rsquo;abord le cockpit . Les panneaux qui avaient \u00e9t\u00e9 pr\u00e9par\u00e9s en mai puis peints en cabine sur les faces int\u00e9rieures en juin, ont \u00e9t\u00e9 mont\u00e9s. Fran\u00e7ois se chamaille un peu avec les plans du fond de cockpit qui n&rsquo;est pas simple. Un plancher en arri\u00e8re de la barre pour l&rsquo;\u00e9quipier de l&rsquo;\u00e9coute de Yankee, un plan inclin\u00e9 ensuite vers l&rsquo;avant pour rejoindre le plancher principal du cockpit tout en d\u00e9gageant la jaumi\u00e8re et la base de la barre. Ensuite le fond du cockpit principal. Dans le bas du plan inclin\u00e9, les deux orifices d&rsquo;\u00e9vacuation de l&rsquo;eau. \u00c7a fait beaucoup de morceaux !. Et en plus , il faut pr\u00e9voir quelques acc\u00e8s en dessous pour d&rsquo;\u00e9ventuelles visites avec un bras courageux.<\/p>\n\n\n\n<figure class=\"wp-block-image size-large\"><img decoding=\"async\" loading=\"lazy\" width=\"1024\" height=\"768\" src=\"https:\/\/yanica.fr\/wp-content\/uploads\/2021\/09\/IMG_0875-1024x768.jpg\" alt=\"\" class=\"wp-image-605\" srcset=\"https:\/\/yanica.fr\/wp-content\/uploads\/2021\/09\/IMG_0875-1024x768.jpg 1024w, https:\/\/yanica.fr\/wp-content\/uploads\/2021\/09\/IMG_0875-300x225.jpg 300w, https:\/\/yanica.fr\/wp-content\/uploads\/2021\/09\/IMG_0875-768x576.jpg 768w, https:\/\/yanica.fr\/wp-content\/uploads\/2021\/09\/IMG_0875-1536x1152.jpg 1536w, https:\/\/yanica.fr\/wp-content\/uploads\/2021\/09\/IMG_0875.jpg 2048w\" sizes=\"(max-width: 767px) 89vw, (max-width: 1000px) 54vw, (max-width: 1071px) 543px, 580px\" \/><\/figure>\n\n\n\n<p>Sur le pont ensuite. Lo\u00efc monte la structure centrale qui recevra de l&rsquo;arri\u00e8re vers l&rsquo;avant : La partie avant du roof\/ une boite de ventilation\/un capot de pont au dessus du carr\u00e9\/ la ferrure de pied de mat\/une autre boite de ventilation\/ Le capot avant au dessus du poste avant.  Joli travail d&rsquo;assemblage !!.<\/p>\n\n\n\n<figure class=\"wp-block-image size-large\"><img decoding=\"async\" loading=\"lazy\" width=\"1024\" height=\"768\" src=\"https:\/\/yanica.fr\/wp-content\/uploads\/2021\/09\/IMG_0878-1024x768.jpg\" alt=\"\" class=\"wp-image-607\" srcset=\"https:\/\/yanica.fr\/wp-content\/uploads\/2021\/09\/IMG_0878-1024x768.jpg 1024w, https:\/\/yanica.fr\/wp-content\/uploads\/2021\/09\/IMG_0878-300x225.jpg 300w, https:\/\/yanica.fr\/wp-content\/uploads\/2021\/09\/IMG_0878-768x576.jpg 768w, https:\/\/yanica.fr\/wp-content\/uploads\/2021\/09\/IMG_0878-1536x1152.jpg 1536w, https:\/\/yanica.fr\/wp-content\/uploads\/2021\/09\/IMG_0878.jpg 2048w\" sizes=\"(max-width: 767px) 89vw, (max-width: 1000px) 54vw, (max-width: 1071px) 543px, 580px\" \/><\/figure>\n\n\n\n<figure class=\"wp-block-image size-large\"><img decoding=\"async\" loading=\"lazy\" width=\"1024\" height=\"768\" src=\"https:\/\/yanica.fr\/wp-content\/uploads\/2021\/09\/IMG_0877-1024x768.jpg\" alt=\"\" class=\"wp-image-606\" srcset=\"https:\/\/yanica.fr\/wp-content\/uploads\/2021\/09\/IMG_0877-1024x768.jpg 1024w, https:\/\/yanica.fr\/wp-content\/uploads\/2021\/09\/IMG_0877-300x225.jpg 300w, https:\/\/yanica.fr\/wp-content\/uploads\/2021\/09\/IMG_0877-768x576.jpg 768w, https:\/\/yanica.fr\/wp-content\/uploads\/2021\/09\/IMG_0877-1536x1152.jpg 1536w, https:\/\/yanica.fr\/wp-content\/uploads\/2021\/09\/IMG_0877.jpg 2048w\" sizes=\"(max-width: 767px) 89vw, (max-width: 1000px) 54vw, (max-width: 1071px) 543px, 580px\" \/><\/figure>\n\n\n\n<p>Et \u00e0 l&rsquo;int\u00e9rieur de Yanica ??<\/p>\n\n\n\n<p>Les d\u00e9buts d&rsquo;une cuisine avec un bloc cloison neuf pour recevoir le r\u00e9chaud et sur lequel viendra se remettre la fa\u00e7ade d&rsquo;une partie des rangements. A droite de l&rsquo;image un petit meuble \u00e0 tiroirs qui va retrouver sa place et sera l&rsquo;une des seules surfaces de travail dans cette cuisine un peu \u00e9triqu\u00e9e. Le cuisinier y est assez bien cal\u00e9 &#8230;<\/p>\n\n\n\n<figure class=\"wp-block-image size-large\"><img decoding=\"async\" loading=\"lazy\" width=\"1024\" height=\"768\" src=\"https:\/\/yanica.fr\/wp-content\/uploads\/2021\/09\/IMG_0879-1024x768.jpg\" alt=\"\" class=\"wp-image-608\" srcset=\"https:\/\/yanica.fr\/wp-content\/uploads\/2021\/09\/IMG_0879-1024x768.jpg 1024w, https:\/\/yanica.fr\/wp-content\/uploads\/2021\/09\/IMG_0879-300x225.jpg 300w, https:\/\/yanica.fr\/wp-content\/uploads\/2021\/09\/IMG_0879-768x576.jpg 768w, https:\/\/yanica.fr\/wp-content\/uploads\/2021\/09\/IMG_0879-1536x1152.jpg 1536w, https:\/\/yanica.fr\/wp-content\/uploads\/2021\/09\/IMG_0879.jpg 2048w\" sizes=\"(max-width: 767px) 89vw, (max-width: 1000px) 54vw, (max-width: 1071px) 543px, 580px\" \/><\/figure>\n\n\n\n<p>Enfin un coup d\u2019\u0153il dans le poste avant et un autre dans le carr\u00e9.<\/p>\n\n\n\n<figure class=\"wp-block-image size-large\"><img decoding=\"async\" loading=\"lazy\" width=\"1024\" height=\"768\" src=\"https:\/\/yanica.fr\/wp-content\/uploads\/2021\/09\/IMG_0881-1024x768.jpg\" alt=\"\" class=\"wp-image-610\" srcset=\"https:\/\/yanica.fr\/wp-content\/uploads\/2021\/09\/IMG_0881-1024x768.jpg 1024w, https:\/\/yanica.fr\/wp-content\/uploads\/2021\/09\/IMG_0881-300x225.jpg 300w, https:\/\/yanica.fr\/wp-content\/uploads\/2021\/09\/IMG_0881-768x576.jpg 768w, https:\/\/yanica.fr\/wp-content\/uploads\/2021\/09\/IMG_0881-1536x1152.jpg 1536w, https:\/\/yanica.fr\/wp-content\/uploads\/2021\/09\/IMG_0881.jpg 2048w\" sizes=\"(max-width: 767px) 89vw, (max-width: 1000px) 54vw, (max-width: 1071px) 543px, 580px\" \/><\/figure>\n\n\n\n<figure class=\"wp-block-image size-large\"><img decoding=\"async\" loading=\"lazy\" width=\"1024\" height=\"768\" src=\"https:\/\/yanica.fr\/wp-content\/uploads\/2021\/09\/IMG_0880-1024x768.jpg\" alt=\"\" class=\"wp-image-609\" srcset=\"https:\/\/yanica.fr\/wp-content\/uploads\/2021\/09\/IMG_0880-1024x768.jpg 1024w, https:\/\/yanica.fr\/wp-content\/uploads\/2021\/09\/IMG_0880-300x225.jpg 300w, https:\/\/yanica.fr\/wp-content\/uploads\/2021\/09\/IMG_0880-768x576.jpg 768w, https:\/\/yanica.fr\/wp-content\/uploads\/2021\/09\/IMG_0880-1536x1152.jpg 1536w, https:\/\/yanica.fr\/wp-content\/uploads\/2021\/09\/IMG_0880.jpg 2048w\" sizes=\"(max-width: 767px) 89vw, (max-width: 1000px) 54vw, (max-width: 1071px) 543px, 580px\" \/><\/figure>\n","protected":false},"excerpt":{"rendered":"<p>Voyons ce qui continue \u00e0 avancer sur Yanica . D&rsquo;abord le cockpit . Les panneaux qui avaient \u00e9t\u00e9 pr\u00e9par\u00e9s en mai puis peints en cabine sur les faces int\u00e9rieures en juin, ont \u00e9t\u00e9 mont\u00e9s. Fran\u00e7ois se chamaille un peu avec les plans du fond de cockpit qui n&rsquo;est pas simple. Un plancher en arri\u00e8re de &hellip; <\/p>\n<p class=\"link-more\"><a href=\"https:\/\/yanica.fr\/?p=604\" class=\"more-link\">Continuer la lecture<span class=\"screen-reader-text\"> de &laquo;&nbsp;MARDI 14 SEPTEMBRE 2021&nbsp;&raquo;<\/span><\/a><\/p>\n","protected":false},"author":1,"featured_media":0,"comment_status":"open","ping_status":"open","sticky":false,"template":"","format":"standard","meta":{"jetpack_post_was_ever_published":false,"_jetpack_newsletter_access":"","footnotes":""},"categories":[1,6],"tags":[],"jetpack_featured_media_url":"","jetpack_sharing_enabled":true,"_links":{"self":[{"href":"https:\/\/yanica.fr\/index.php?rest_route=\/wp\/v2\/posts\/604"}],"collection":[{"href":"https:\/\/yanica.fr\/index.php?rest_route=\/wp\/v2\/posts"}],"about":[{"href":"https:\/\/yanica.fr\/index.php?rest_route=\/wp\/v2\/types\/post"}],"author":[{"embeddable":true,"href":"https:\/\/yanica.fr\/index.php?rest_route=\/wp\/v2\/users\/1"}],"replies":[{"embeddable":true,"href":"https:\/\/yanica.fr\/index.php?rest_route=%2Fwp%2Fv2%2Fcomments&post=604"}],"version-history":[{"count":1,"href":"https:\/\/yanica.fr\/index.php?rest_route=\/wp\/v2\/posts\/604\/revisions"}],"predecessor-version":[{"id":611,"href":"https:\/\/yanica.fr\/index.php?rest_route=\/wp\/v2\/posts\/604\/revisions\/611"}],"wp:attachment":[{"href":"https:\/\/yanica.fr\/index.php?rest_route=%2Fwp%2Fv2%2Fmedia&parent=604"}],"wp:term":[{"taxonomy":"category","embeddable":true,"href":"https:\/\/yanica.fr\/index.php?rest_route=%2Fwp%2Fv2%2Fcategories&post=604"},{"taxonomy":"post_tag","embeddable":true,"href":"https:\/\/yanica.fr\/index.php?rest_route=%2Fwp%2Fv2%2Ftags&post=604"}],"curies":[{"name":"wp","href":"https:\/\/api.w.org\/{rel}","templated":true}]}}