{"id":583,"date":"2021-08-24T19:55:51","date_gmt":"2021-08-24T17:55:51","guid":{"rendered":"https:\/\/yanica.fr\/?p=583"},"modified":"2023-10-28T18:10:00","modified_gmt":"2023-10-28T16:10:00","slug":"cest-reparti","status":"publish","type":"post","link":"https:\/\/yanica.fr\/?p=583","title":{"rendered":"C&rsquo;EST REPARTI !"},"content":{"rendered":"\n<p>Aujourd&rsquo;hui Yanica a boug\u00e9 pour que reprenne le programme apr\u00e8s la peinture de juin. <\/p>\n\n\n\n<p>D&rsquo;abord sortie de l&rsquo;abri o\u00f9 il \u00e9tait depuis d\u00e9but juillet <\/p>\n\n\n\n<figure class=\"wp-block-image size-large\"><img decoding=\"async\" loading=\"lazy\" width=\"1024\" height=\"768\" src=\"https:\/\/yanica.fr\/wp-content\/uploads\/2021\/08\/sortie-hangar-1024x768.jpg\" alt=\"\" class=\"wp-image-584\" srcset=\"https:\/\/yanica.fr\/wp-content\/uploads\/2021\/08\/sortie-hangar-1024x768.jpg 1024w, https:\/\/yanica.fr\/wp-content\/uploads\/2021\/08\/sortie-hangar-300x225.jpg 300w, https:\/\/yanica.fr\/wp-content\/uploads\/2021\/08\/sortie-hangar-768x576.jpg 768w, https:\/\/yanica.fr\/wp-content\/uploads\/2021\/08\/sortie-hangar-1536x1152.jpg 1536w, https:\/\/yanica.fr\/wp-content\/uploads\/2021\/08\/sortie-hangar-2048x1536.jpg 2048w\" sizes=\"(max-width: 767px) 89vw, (max-width: 1000px) 54vw, (max-width: 1071px) 543px, 580px\" \/><\/figure>\n\n\n\n<p><strong><em>un rayon de soleil sur la coque couleur des sous couches.<\/em><\/strong><\/p>\n\n\n\n<p>Et puis arriv\u00e9e d&rsquo;une grue sous laquelle est suspendu le moteur !<\/p>\n\n\n\n<figure class=\"wp-block-image size-large\"><img decoding=\"async\" loading=\"lazy\" width=\"768\" height=\"1024\" src=\"https:\/\/yanica.fr\/wp-content\/uploads\/2021\/08\/retour-du-moteur-par-les-mecaniciens-768x1024.jpg\" alt=\"\" class=\"wp-image-585\" srcset=\"https:\/\/yanica.fr\/wp-content\/uploads\/2021\/08\/retour-du-moteur-par-les-mecaniciens-768x1024.jpg 768w, https:\/\/yanica.fr\/wp-content\/uploads\/2021\/08\/retour-du-moteur-par-les-mecaniciens-225x300.jpg 225w, https:\/\/yanica.fr\/wp-content\/uploads\/2021\/08\/retour-du-moteur-par-les-mecaniciens-1152x1536.jpg 1152w, https:\/\/yanica.fr\/wp-content\/uploads\/2021\/08\/retour-du-moteur-par-les-mecaniciens-1536x2048.jpg 1536w, https:\/\/yanica.fr\/wp-content\/uploads\/2021\/08\/retour-du-moteur-par-les-mecaniciens-scaled.jpg 1920w\" sizes=\"(max-width: 767px) 89vw, (max-width: 1000px) 54vw, (max-width: 1071px) 543px, 580px\" \/><figcaption><strong><em>En place sur le bati et boulonn\u00e9 sur des silentblocs neufs<\/em><\/strong><\/figcaption><\/figure>\n\n\n\n<p>Et puis, en fin d&rsquo;apr\u00e8s midi, direction l&rsquo;atelier des charpentiers pour entamer la quatri\u00e8me et derni\u00e8re tranche de travaux sur  la coque.<\/p>\n\n\n\n<figure class=\"wp-block-image size-large\"><img decoding=\"async\" loading=\"lazy\" width=\"1024\" height=\"768\" src=\"https:\/\/yanica.fr\/wp-content\/uploads\/2021\/08\/retour-chez-F.Blatrix-1024x768.jpg\" alt=\"\" class=\"wp-image-586\" srcset=\"https:\/\/yanica.fr\/wp-content\/uploads\/2021\/08\/retour-chez-F.Blatrix-1024x768.jpg 1024w, https:\/\/yanica.fr\/wp-content\/uploads\/2021\/08\/retour-chez-F.Blatrix-300x225.jpg 300w, https:\/\/yanica.fr\/wp-content\/uploads\/2021\/08\/retour-chez-F.Blatrix-768x576.jpg 768w, https:\/\/yanica.fr\/wp-content\/uploads\/2021\/08\/retour-chez-F.Blatrix-1536x1152.jpg 1536w, https:\/\/yanica.fr\/wp-content\/uploads\/2021\/08\/retour-chez-F.Blatrix-2048x1536.jpg 2048w\" sizes=\"(max-width: 767px) 89vw, (max-width: 1000px) 54vw, (max-width: 1071px) 543px, 580px\" \/><\/figure>\n\n\n\n<p><strong><em>Pr\u00eat \u00e0 \u00eatre pos\u00e9 sur son lest et \u00e9pontill\u00e9. <\/em><\/strong><\/p>\n","protected":false},"excerpt":{"rendered":"<p>Aujourd&rsquo;hui Yanica a boug\u00e9 pour que reprenne le programme apr\u00e8s la peinture de juin. D&rsquo;abord sortie de l&rsquo;abri o\u00f9 il \u00e9tait depuis d\u00e9but juillet un rayon de soleil sur la coque couleur des sous couches. Et puis arriv\u00e9e d&rsquo;une grue sous laquelle est suspendu le moteur ! Et puis, en fin d&rsquo;apr\u00e8s midi, direction l&rsquo;atelier &hellip; <\/p>\n<p class=\"link-more\"><a href=\"https:\/\/yanica.fr\/?p=583\" class=\"more-link\">Continuer la lecture<span class=\"screen-reader-text\"> de &laquo;&nbsp;C&rsquo;EST REPARTI !&nbsp;&raquo;<\/span><\/a><\/p>\n","protected":false},"author":1,"featured_media":0,"comment_status":"open","ping_status":"open","sticky":false,"template":"","format":"standard","meta":{"jetpack_post_was_ever_published":false,"_jetpack_newsletter_access":"","footnotes":""},"categories":[1,6],"tags":[],"jetpack_featured_media_url":"","jetpack_sharing_enabled":true,"_links":{"self":[{"href":"https:\/\/yanica.fr\/index.php?rest_route=\/wp\/v2\/posts\/583"}],"collection":[{"href":"https:\/\/yanica.fr\/index.php?rest_route=\/wp\/v2\/posts"}],"about":[{"href":"https:\/\/yanica.fr\/index.php?rest_route=\/wp\/v2\/types\/post"}],"author":[{"embeddable":true,"href":"https:\/\/yanica.fr\/index.php?rest_route=\/wp\/v2\/users\/1"}],"replies":[{"embeddable":true,"href":"https:\/\/yanica.fr\/index.php?rest_route=%2Fwp%2Fv2%2Fcomments&post=583"}],"version-history":[{"count":1,"href":"https:\/\/yanica.fr\/index.php?rest_route=\/wp\/v2\/posts\/583\/revisions"}],"predecessor-version":[{"id":587,"href":"https:\/\/yanica.fr\/index.php?rest_route=\/wp\/v2\/posts\/583\/revisions\/587"}],"wp:attachment":[{"href":"https:\/\/yanica.fr\/index.php?rest_route=%2Fwp%2Fv2%2Fmedia&parent=583"}],"wp:term":[{"taxonomy":"category","embeddable":true,"href":"https:\/\/yanica.fr\/index.php?rest_route=%2Fwp%2Fv2%2Fcategories&post=583"},{"taxonomy":"post_tag","embeddable":true,"href":"https:\/\/yanica.fr\/index.php?rest_route=%2Fwp%2Fv2%2Ftags&post=583"}],"curies":[{"name":"wp","href":"https:\/\/api.w.org\/{rel}","templated":true}]}}