{"id":577,"date":"2021-07-17T20:13:23","date_gmt":"2021-07-17T18:13:23","guid":{"rendered":"http:\/\/yanica.fr\/?p=577"},"modified":"2023-10-28T18:10:00","modified_gmt":"2023-10-28T16:10:00","slug":"le-retour-du-lest","status":"publish","type":"post","link":"https:\/\/yanica.fr\/?p=577","title":{"rendered":"Le retour du lest"},"content":{"rendered":"\n<p>Vendredi 16 juillet , Yanica a retrouv\u00e9 son lest par les moyens du chantier et ceux des charpentiers. Les boulons avaient \u00e9t\u00e9 totalement r\u00e9vis\u00e9e ou refaits ainsi que les plaques d&rsquo;appui. La p\u00e2te \u00e0 joint ad\u00e9quate assure la liaison.<\/p>\n\n\n\n<figure class=\"wp-block-image size-large is-resized\"><img decoding=\"async\" loading=\"lazy\" src=\"http:\/\/yanica.fr\/wp-content\/uploads\/2021\/07\/IMG_20210716_192503-1024x768.jpg\" alt=\"\" class=\"wp-image-578\" width=\"678\" height=\"508\" srcset=\"https:\/\/yanica.fr\/wp-content\/uploads\/2021\/07\/IMG_20210716_192503-1024x768.jpg 1024w, https:\/\/yanica.fr\/wp-content\/uploads\/2021\/07\/IMG_20210716_192503-300x225.jpg 300w, https:\/\/yanica.fr\/wp-content\/uploads\/2021\/07\/IMG_20210716_192503-768x576.jpg 768w, https:\/\/yanica.fr\/wp-content\/uploads\/2021\/07\/IMG_20210716_192503-1536x1152.jpg 1536w, https:\/\/yanica.fr\/wp-content\/uploads\/2021\/07\/IMG_20210716_192503-2048x1536.jpg 2048w\" sizes=\"(max-width: 678px) 100vw, 678px\" \/><figcaption><strong>C&rsquo;est fait !!  Il restera \u00e0 poser le bloc de bois qui s&rsquo;encastre sur l&rsquo;avant du lest<\/strong><\/figcaption><\/figure>\n\n\n\n<figure class=\"wp-block-image size-large\"><img decoding=\"async\" loading=\"lazy\" width=\"768\" height=\"1024\" src=\"http:\/\/yanica.fr\/wp-content\/uploads\/2021\/07\/IMG_20210716_192520_1-768x1024.jpg\" alt=\"\" class=\"wp-image-579\" srcset=\"https:\/\/yanica.fr\/wp-content\/uploads\/2021\/07\/IMG_20210716_192520_1-768x1024.jpg 768w, https:\/\/yanica.fr\/wp-content\/uploads\/2021\/07\/IMG_20210716_192520_1-225x300.jpg 225w, https:\/\/yanica.fr\/wp-content\/uploads\/2021\/07\/IMG_20210716_192520_1-1152x1536.jpg 1152w, https:\/\/yanica.fr\/wp-content\/uploads\/2021\/07\/IMG_20210716_192520_1-1536x2048.jpg 1536w, https:\/\/yanica.fr\/wp-content\/uploads\/2021\/07\/IMG_20210716_192520_1-scaled.jpg 1920w\" sizes=\"(max-width: 767px) 89vw, (max-width: 1000px) 54vw, (max-width: 1071px) 543px, 580px\" \/><\/figure>\n\n\n\n<figure class=\"wp-block-image size-large is-resized\"><img decoding=\"async\" loading=\"lazy\" src=\"http:\/\/yanica.fr\/wp-content\/uploads\/2021\/07\/IMG_20210716_181128_1-1024x768.jpg\" alt=\"\" class=\"wp-image-580\" width=\"674\" height=\"505\" srcset=\"https:\/\/yanica.fr\/wp-content\/uploads\/2021\/07\/IMG_20210716_181128_1-1024x768.jpg 1024w, https:\/\/yanica.fr\/wp-content\/uploads\/2021\/07\/IMG_20210716_181128_1-300x225.jpg 300w, https:\/\/yanica.fr\/wp-content\/uploads\/2021\/07\/IMG_20210716_181128_1-768x576.jpg 768w, https:\/\/yanica.fr\/wp-content\/uploads\/2021\/07\/IMG_20210716_181128_1-1536x1152.jpg 1536w, https:\/\/yanica.fr\/wp-content\/uploads\/2021\/07\/IMG_20210716_181128_1-2048x1536.jpg 2048w\" sizes=\"(max-width: 674px) 100vw, 674px\" \/><figcaption><strong><em>Le boulonnage vu de l&rsquo;int\u00e9rieur du carr\u00e9<\/em><\/strong><\/figcaption><\/figure>\n","protected":false},"excerpt":{"rendered":"<p>Vendredi 16 juillet , Yanica a retrouv\u00e9 son lest par les moyens du chantier et ceux des charpentiers. Les boulons avaient \u00e9t\u00e9 totalement r\u00e9vis\u00e9e ou refaits ainsi que les plaques d&rsquo;appui. La p\u00e2te \u00e0 joint ad\u00e9quate assure la liaison.<\/p>\n","protected":false},"author":1,"featured_media":0,"comment_status":"open","ping_status":"open","sticky":false,"template":"","format":"standard","meta":{"jetpack_post_was_ever_published":false,"_jetpack_newsletter_access":"","footnotes":""},"categories":[1,6],"tags":[],"jetpack_featured_media_url":"","jetpack_sharing_enabled":true,"_links":{"self":[{"href":"https:\/\/yanica.fr\/index.php?rest_route=\/wp\/v2\/posts\/577"}],"collection":[{"href":"https:\/\/yanica.fr\/index.php?rest_route=\/wp\/v2\/posts"}],"about":[{"href":"https:\/\/yanica.fr\/index.php?rest_route=\/wp\/v2\/types\/post"}],"author":[{"embeddable":true,"href":"https:\/\/yanica.fr\/index.php?rest_route=\/wp\/v2\/users\/1"}],"replies":[{"embeddable":true,"href":"https:\/\/yanica.fr\/index.php?rest_route=%2Fwp%2Fv2%2Fcomments&post=577"}],"version-history":[{"count":1,"href":"https:\/\/yanica.fr\/index.php?rest_route=\/wp\/v2\/posts\/577\/revisions"}],"predecessor-version":[{"id":581,"href":"https:\/\/yanica.fr\/index.php?rest_route=\/wp\/v2\/posts\/577\/revisions\/581"}],"wp:attachment":[{"href":"https:\/\/yanica.fr\/index.php?rest_route=%2Fwp%2Fv2%2Fmedia&parent=577"}],"wp:term":[{"taxonomy":"category","embeddable":true,"href":"https:\/\/yanica.fr\/index.php?rest_route=%2Fwp%2Fv2%2Fcategories&post=577"},{"taxonomy":"post_tag","embeddable":true,"href":"https:\/\/yanica.fr\/index.php?rest_route=%2Fwp%2Fv2%2Ftags&post=577"}],"curies":[{"name":"wp","href":"https:\/\/api.w.org\/{rel}","templated":true}]}}