{"id":369,"date":"2020-08-07T19:19:30","date_gmt":"2020-08-07T17:19:30","guid":{"rendered":"http:\/\/yanica.fr\/?p=369"},"modified":"2023-10-28T18:10:01","modified_gmt":"2023-10-28T16:10:01","slug":"pendant-les-vacances","status":"publish","type":"post","link":"https:\/\/yanica.fr\/?p=369","title":{"rendered":"Pendant les Vacances ??"},"content":{"rendered":"\n<p>Y fait cho , non? Donc petite inqui\u00e9tude l\u00e9gitime pour Yanica enferm\u00e9 dans son hangar de t\u00f4le. Apr\u00e8s un premier passage au chantier hier pour chercher LA cl\u00e9 du hangar, retour aujourd&rsquo;hui vers 15 h. Oui donc, il fait bien chaud l\u00e0 dedans surtout \u00e0 hauteur du pont de Yanica. Ouverture de la porte sud et de la porte d&rsquo;entr\u00e9e au nord et un rapide courant d&rsquo;air fait tomber la temp\u00e9rature de l&rsquo;air en hauteur. Au bout d&rsquo;une heure, les bois ont aussi quelque peu refroidis.<\/p>\n\n\n\n<p>Ce passage permet de constater qu&rsquo;avant de partir au loin, les charpentiers ont encore compl\u00e9t\u00e9 le bordage surtout sur l&rsquo;arri\u00e8re :<\/p>\n\n\n\n<figure class=\"wp-block-image size-large\"><img decoding=\"async\" loading=\"lazy\" width=\"640\" height=\"480\" src=\"http:\/\/yanica.fr\/wp-content\/uploads\/2020\/08\/IMG_0561.jpg\" alt=\"\" class=\"wp-image-370\" srcset=\"https:\/\/yanica.fr\/wp-content\/uploads\/2020\/08\/IMG_0561.jpg 640w, https:\/\/yanica.fr\/wp-content\/uploads\/2020\/08\/IMG_0561-300x225.jpg 300w\" sizes=\"(max-width: 640px) 100vw, 640px\" \/><figcaption><em>\u00e7<strong>a se referma autour de l&rsquo;\u00e9tambot<\/strong><\/em><\/figcaption><\/figure>\n\n\n\n<figure class=\"wp-block-image size-large\"><img decoding=\"async\" loading=\"lazy\" width=\"1024\" height=\"768\" src=\"http:\/\/yanica.fr\/wp-content\/uploads\/2020\/08\/IMG_0563-1024x768.jpg\" alt=\"\" class=\"wp-image-371\" srcset=\"https:\/\/yanica.fr\/wp-content\/uploads\/2020\/08\/IMG_0563-1024x768.jpg 1024w, https:\/\/yanica.fr\/wp-content\/uploads\/2020\/08\/IMG_0563-300x225.jpg 300w, https:\/\/yanica.fr\/wp-content\/uploads\/2020\/08\/IMG_0563-768x576.jpg 768w, https:\/\/yanica.fr\/wp-content\/uploads\/2020\/08\/IMG_0563-1536x1152.jpg 1536w, https:\/\/yanica.fr\/wp-content\/uploads\/2020\/08\/IMG_0563-2048x1536.jpg 2048w\" sizes=\"(max-width: 767px) 89vw, (max-width: 1000px) 54vw, (max-width: 1071px) 543px, 580px\" \/><\/figure>\n\n\n\n<figure class=\"wp-block-image size-large\"><img decoding=\"async\" loading=\"lazy\" width=\"1024\" height=\"768\" src=\"http:\/\/yanica.fr\/wp-content\/uploads\/2020\/08\/IMG_0565-1024x768.jpg\" alt=\"\" class=\"wp-image-372\" srcset=\"https:\/\/yanica.fr\/wp-content\/uploads\/2020\/08\/IMG_0565-1024x768.jpg 1024w, https:\/\/yanica.fr\/wp-content\/uploads\/2020\/08\/IMG_0565-300x225.jpg 300w, https:\/\/yanica.fr\/wp-content\/uploads\/2020\/08\/IMG_0565-768x576.jpg 768w, https:\/\/yanica.fr\/wp-content\/uploads\/2020\/08\/IMG_0565-1536x1152.jpg 1536w, https:\/\/yanica.fr\/wp-content\/uploads\/2020\/08\/IMG_0565-2048x1536.jpg 2048w\" sizes=\"(max-width: 767px) 89vw, (max-width: 1000px) 54vw, (max-width: 1071px) 543px, 580px\" \/><\/figure>\n\n\n\n<p>Dans le cockpit, y&rsquo;aura bient\u00f4t plus qu&rsquo;\u00e0 mettre un plancher &#8230;<\/p>\n\n\n\n<p>Ah oui, aussi ! les \u00e9l\u00e9ments du futur pont en contreplaqu\u00e9 sont dans la cabine de peinture et ont re\u00e7u trois couches de blanc. Une quatri\u00e8me \u00e0 venir. Si quelqu&rsquo;un veut une autre couleur pour le futur plafond, faut le sugg\u00e9rer au plus vite !!!<\/p>\n\n\n\n<p>Pour le week end , notre voisin Lucas s&rsquo;en occupe. D&rsquo;abord, lui, il remet en \u00e9tat un Tenten, plan Illingworth ( encore lui ) en plastique, bateau qu&rsquo;il a achet\u00e9 l&rsquo;an dernier au chantier. Comme c&rsquo;est un bon, le chantier l&rsquo;a embauch\u00e9 et c&rsquo;est lui qui a fait les peintures du pont en cabine. La semaine prochaine, il attaque les peintures \u00e0 l&rsquo;int\u00e9rieur de la coque de Yanica ( \u00e0 l&rsquo;avant et l&rsquo;arri\u00e8re ).A faire avant le retour des charpentiers (et \u00e0 condition que la chaleur ne soit pas trop forte !).<\/p>\n\n\n\n<p>Donc, ce week end , Lucas s&rsquo;occupe d&rsquo;ouvrir une heure ou deux le hangar pour a\u00e9rer en apr\u00e8s midi et arrosera aussi le sol du hangar avec moult pr\u00e9cautions pour refroidir aussi l&rsquo;ambiance \u00e0 l&rsquo;int\u00e9rieur. Merci Lucas .<\/p>\n","protected":false},"excerpt":{"rendered":"<p>Y fait cho , non? Donc petite inqui\u00e9tude l\u00e9gitime pour Yanica enferm\u00e9 dans son hangar de t\u00f4le. Apr\u00e8s un premier passage au chantier hier pour chercher LA cl\u00e9 du hangar, retour aujourd&rsquo;hui vers 15 h. Oui donc, il fait bien chaud l\u00e0 dedans surtout \u00e0 hauteur du pont de Yanica. Ouverture de la porte sud &hellip; <\/p>\n<p class=\"link-more\"><a href=\"https:\/\/yanica.fr\/?p=369\" class=\"more-link\">Continuer la lecture<span class=\"screen-reader-text\"> de &laquo;&nbsp;Pendant les Vacances ??&nbsp;&raquo;<\/span><\/a><\/p>\n","protected":false},"author":1,"featured_media":0,"comment_status":"open","ping_status":"open","sticky":false,"template":"","format":"standard","meta":{"jetpack_post_was_ever_published":false,"_jetpack_newsletter_access":"","footnotes":""},"categories":[1,6],"tags":[],"jetpack_featured_media_url":"","jetpack_sharing_enabled":true,"_links":{"self":[{"href":"https:\/\/yanica.fr\/index.php?rest_route=\/wp\/v2\/posts\/369"}],"collection":[{"href":"https:\/\/yanica.fr\/index.php?rest_route=\/wp\/v2\/posts"}],"about":[{"href":"https:\/\/yanica.fr\/index.php?rest_route=\/wp\/v2\/types\/post"}],"author":[{"embeddable":true,"href":"https:\/\/yanica.fr\/index.php?rest_route=\/wp\/v2\/users\/1"}],"replies":[{"embeddable":true,"href":"https:\/\/yanica.fr\/index.php?rest_route=%2Fwp%2Fv2%2Fcomments&post=369"}],"version-history":[{"count":1,"href":"https:\/\/yanica.fr\/index.php?rest_route=\/wp\/v2\/posts\/369\/revisions"}],"predecessor-version":[{"id":373,"href":"https:\/\/yanica.fr\/index.php?rest_route=\/wp\/v2\/posts\/369\/revisions\/373"}],"wp:attachment":[{"href":"https:\/\/yanica.fr\/index.php?rest_route=%2Fwp%2Fv2%2Fmedia&parent=369"}],"wp:term":[{"taxonomy":"category","embeddable":true,"href":"https:\/\/yanica.fr\/index.php?rest_route=%2Fwp%2Fv2%2Fcategories&post=369"},{"taxonomy":"post_tag","embeddable":true,"href":"https:\/\/yanica.fr\/index.php?rest_route=%2Fwp%2Fv2%2Ftags&post=369"}],"curies":[{"name":"wp","href":"https:\/\/api.w.org\/{rel}","templated":true}]}}