{"id":320,"date":"2020-06-16T18:24:52","date_gmt":"2020-06-16T16:24:52","guid":{"rendered":"http:\/\/yanica.fr\/?p=320"},"modified":"2023-10-28T18:10:02","modified_gmt":"2023-10-28T16:10:02","slug":"16-juin-2020","status":"publish","type":"post","link":"https:\/\/yanica.fr\/?p=320","title":{"rendered":"16 juin 2020"},"content":{"rendered":"\n<p>Quoi de neuf \u00e0 l&rsquo;arri\u00e8re ?<\/p>\n\n\n\n<figure class=\"wp-block-image size-large\"><img decoding=\"async\" loading=\"lazy\" width=\"1024\" height=\"576\" src=\"http:\/\/yanica.fr\/wp-content\/uploads\/2020\/06\/IMG_0349-1024x576.jpg\" alt=\"\" class=\"wp-image-321\" srcset=\"https:\/\/yanica.fr\/wp-content\/uploads\/2020\/06\/IMG_0349-1024x576.jpg 1024w, https:\/\/yanica.fr\/wp-content\/uploads\/2020\/06\/IMG_0349-300x169.jpg 300w, https:\/\/yanica.fr\/wp-content\/uploads\/2020\/06\/IMG_0349-768x432.jpg 768w, https:\/\/yanica.fr\/wp-content\/uploads\/2020\/06\/IMG_0349-1536x863.jpg 1536w, https:\/\/yanica.fr\/wp-content\/uploads\/2020\/06\/IMG_0349-2048x1151.jpg 2048w\" sizes=\"(max-width: 767px) 89vw, (max-width: 1000px) 54vw, (max-width: 1071px) 543px, 580px\" \/><figcaption>Le bordage a rejoint l&rsquo;allonge de voute et les extr\u00e9mit\u00e9s des lattes ont \u00e9t\u00e9 aras\u00e9es sur le tableau arri\u00e8re. C&rsquo;est plus \u00e9l\u00e9gant ,non?<br><\/figcaption><\/figure>\n\n\n\n<figure class=\"wp-block-image size-large\"><img decoding=\"async\" loading=\"lazy\" width=\"1024\" height=\"576\" src=\"http:\/\/yanica.fr\/wp-content\/uploads\/2020\/06\/IMG_0352-1024x576.jpg\" alt=\"\" class=\"wp-image-322\" srcset=\"https:\/\/yanica.fr\/wp-content\/uploads\/2020\/06\/IMG_0352-1024x576.jpg 1024w, https:\/\/yanica.fr\/wp-content\/uploads\/2020\/06\/IMG_0352-300x169.jpg 300w, https:\/\/yanica.fr\/wp-content\/uploads\/2020\/06\/IMG_0352-768x432.jpg 768w, https:\/\/yanica.fr\/wp-content\/uploads\/2020\/06\/IMG_0352-1536x863.jpg 1536w, https:\/\/yanica.fr\/wp-content\/uploads\/2020\/06\/IMG_0352-2048x1151.jpg 2048w\" sizes=\"(max-width: 767px) 89vw, (max-width: 1000px) 54vw, (max-width: 1071px) 543px, 580px\" \/><figcaption>Lo\u00efc met en place les remplis dans les angles des futurs coffres de la voute. C&rsquo;est sur ces remplis que viendra se fixer le gros winch de yankee.<br><\/figcaption><\/figure>\n\n\n\n<p>Et vers l&rsquo;avant ?<\/p>\n\n\n\n<figure class=\"wp-block-image size-large\"><img decoding=\"async\" loading=\"lazy\" width=\"1024\" height=\"576\" src=\"http:\/\/yanica.fr\/wp-content\/uploads\/2020\/06\/IMG_0342-1024x576.jpg\" alt=\"\" class=\"wp-image-323\" srcset=\"https:\/\/yanica.fr\/wp-content\/uploads\/2020\/06\/IMG_0342-1024x576.jpg 1024w, https:\/\/yanica.fr\/wp-content\/uploads\/2020\/06\/IMG_0342-300x169.jpg 300w, https:\/\/yanica.fr\/wp-content\/uploads\/2020\/06\/IMG_0342-768x432.jpg 768w, https:\/\/yanica.fr\/wp-content\/uploads\/2020\/06\/IMG_0342-1536x863.jpg 1536w, https:\/\/yanica.fr\/wp-content\/uploads\/2020\/06\/IMG_0342-2048x1151.jpg 2048w\" sizes=\"(max-width: 767px) 89vw, (max-width: 1000px) 54vw, (max-width: 1071px) 543px, 580px\" \/><figcaption>Tout le barrotage de pont est pr\u00eat \u00e0 recevoir le pont. Les peintres passeront sans doute par l\u00e0 \u00e0 l&rsquo;int\u00e9rieur avant la pose du pont. En juillet ??<\/figcaption><\/figure>\n\n\n\n<figure class=\"wp-block-image size-large\"><img decoding=\"async\" loading=\"lazy\" width=\"1024\" height=\"576\" src=\"http:\/\/yanica.fr\/wp-content\/uploads\/2020\/06\/IMG_0344-1024x576.jpg\" alt=\"\" class=\"wp-image-324\" srcset=\"https:\/\/yanica.fr\/wp-content\/uploads\/2020\/06\/IMG_0344-1024x576.jpg 1024w, https:\/\/yanica.fr\/wp-content\/uploads\/2020\/06\/IMG_0344-300x169.jpg 300w, https:\/\/yanica.fr\/wp-content\/uploads\/2020\/06\/IMG_0344-768x432.jpg 768w, https:\/\/yanica.fr\/wp-content\/uploads\/2020\/06\/IMG_0344-1536x863.jpg 1536w, https:\/\/yanica.fr\/wp-content\/uploads\/2020\/06\/IMG_0344-2048x1151.jpg 2048w\" sizes=\"(max-width: 767px) 89vw, (max-width: 1000px) 54vw, (max-width: 1071px) 543px, 580px\" \/><figcaption>En regardant vers l&rsquo;arri\u00e8re, on commence \u00e0 voir plus clairement les zones du pont et du roof.<\/figcaption><\/figure>\n\n\n\n<p>Et Ailleurs ??<\/p>\n\n\n\n<figure class=\"wp-block-image size-large\"><img decoding=\"async\" loading=\"lazy\" width=\"1024\" height=\"576\" src=\"http:\/\/yanica.fr\/wp-content\/uploads\/2020\/06\/IMG_0345-1024x576.jpg\" alt=\"\" class=\"wp-image-325\" srcset=\"https:\/\/yanica.fr\/wp-content\/uploads\/2020\/06\/IMG_0345-1024x576.jpg 1024w, https:\/\/yanica.fr\/wp-content\/uploads\/2020\/06\/IMG_0345-300x169.jpg 300w, https:\/\/yanica.fr\/wp-content\/uploads\/2020\/06\/IMG_0345-768x432.jpg 768w, https:\/\/yanica.fr\/wp-content\/uploads\/2020\/06\/IMG_0345-1536x863.jpg 1536w, https:\/\/yanica.fr\/wp-content\/uploads\/2020\/06\/IMG_0345-2048x1151.jpg 2048w\" sizes=\"(max-width: 767px) 89vw, (max-width: 1000px) 54vw, (max-width: 1071px) 543px, 580px\" \/><figcaption>Fran\u00e7ois est retourn\u00e9 se contorsionner dans les fonds en maugr\u00e9ant quelque peu, <\/figcaption><\/figure>\n\n\n\n<p>Fran\u00e7ois a en effet d\u00e9couvert que la varangue sous l&#8217;emplacement du bar dans le carr\u00e9, \u00e9tait bien malade \u00e0 c\u0153ur, malgr\u00e9 son apparence saine en surface. Apr\u00e8s rabotage, on d\u00e9couvre que le collage de la varangue au bord\u00e9 \u00e9tait totalement rat\u00e9! un beau gla\u00e7age de r\u00e9sorcine sur le bord\u00e9 en dessous. Question : de possibles fuites d&rsquo;alcool dans le bar ont-elles pu endommager la varangue au XX\u00e8me si\u00e8cle? Fran\u00e7ois est donc parti pour refaire l\u00e0 26 plis de bois moul\u00e9. <\/p>\n\n\n\n<p>Avec les charpentiers, on se permet quand m\u00eame aujourd&rsquo;hui de remettre en cause la r\u00e9putation de qualit\u00e9 du chantier Souter. Il ne faudrait pas que cela nous f\u00e2che trop avec les marins anglais mais , si n\u00e9cessaire, on a aujourd&rsquo;hui accumul\u00e9 pas mal de critiques fond\u00e9es sur la qualit\u00e9 du travail de ceux qui ont construit Yanica. D&rsquo;autres peuvent imaginer que les Anglais en auraient fait expr\u00e8s car le bateau \u00e9tait construit pour un propri\u00e9taire fran\u00e7ais &#8230;!.   Allez savoir !<\/p>\n","protected":false},"excerpt":{"rendered":"<p>Quoi de neuf \u00e0 l&rsquo;arri\u00e8re ? Et vers l&rsquo;avant ? Et Ailleurs ?? Fran\u00e7ois a en effet d\u00e9couvert que la varangue sous l&#8217;emplacement du bar dans le carr\u00e9, \u00e9tait bien malade \u00e0 c\u0153ur, malgr\u00e9 son apparence saine en surface. Apr\u00e8s rabotage, on d\u00e9couvre que le collage de la varangue au bord\u00e9 \u00e9tait totalement rat\u00e9! un &hellip; <\/p>\n<p class=\"link-more\"><a href=\"https:\/\/yanica.fr\/?p=320\" class=\"more-link\">Continuer la lecture<span class=\"screen-reader-text\"> de &laquo;&nbsp;16 juin 2020&nbsp;&raquo;<\/span><\/a><\/p>\n","protected":false},"author":1,"featured_media":0,"comment_status":"open","ping_status":"open","sticky":false,"template":"","format":"standard","meta":{"jetpack_post_was_ever_published":false,"_jetpack_newsletter_access":"","footnotes":""},"categories":[1,6],"tags":[],"jetpack_featured_media_url":"","jetpack_sharing_enabled":true,"_links":{"self":[{"href":"https:\/\/yanica.fr\/index.php?rest_route=\/wp\/v2\/posts\/320"}],"collection":[{"href":"https:\/\/yanica.fr\/index.php?rest_route=\/wp\/v2\/posts"}],"about":[{"href":"https:\/\/yanica.fr\/index.php?rest_route=\/wp\/v2\/types\/post"}],"author":[{"embeddable":true,"href":"https:\/\/yanica.fr\/index.php?rest_route=\/wp\/v2\/users\/1"}],"replies":[{"embeddable":true,"href":"https:\/\/yanica.fr\/index.php?rest_route=%2Fwp%2Fv2%2Fcomments&post=320"}],"version-history":[{"count":1,"href":"https:\/\/yanica.fr\/index.php?rest_route=\/wp\/v2\/posts\/320\/revisions"}],"predecessor-version":[{"id":326,"href":"https:\/\/yanica.fr\/index.php?rest_route=\/wp\/v2\/posts\/320\/revisions\/326"}],"wp:attachment":[{"href":"https:\/\/yanica.fr\/index.php?rest_route=%2Fwp%2Fv2%2Fmedia&parent=320"}],"wp:term":[{"taxonomy":"category","embeddable":true,"href":"https:\/\/yanica.fr\/index.php?rest_route=%2Fwp%2Fv2%2Fcategories&post=320"},{"taxonomy":"post_tag","embeddable":true,"href":"https:\/\/yanica.fr\/index.php?rest_route=%2Fwp%2Fv2%2Ftags&post=320"}],"curies":[{"name":"wp","href":"https:\/\/api.w.org\/{rel}","templated":true}]}}