{"id":250,"date":"2020-05-06T16:43:17","date_gmt":"2020-05-06T14:43:17","guid":{"rendered":"http:\/\/yanica.fr\/?p=250"},"modified":"2023-10-28T18:10:02","modified_gmt":"2023-10-28T16:10:02","slug":"mais-qui-fait-quoi-ici","status":"publish","type":"post","link":"https:\/\/yanica.fr\/?p=250","title":{"rendered":"Mais qui fait quoi ici ?"},"content":{"rendered":"\n<p>Il est temps de pr\u00e9senter ceux qui prennent soin de Yanica tous les jours. <\/p>\n\n\n\n<p>Il y a d&rsquo;abord Fran\u00e7ois Blatrix, la cl\u00e9 de notre chantier . Fran\u00e7ois se pr\u00e9sente tout seul si vous allez sur son blog :   http:\/\/www.frabla.net<\/p>\n\n\n\n<figure class=\"wp-block-image size-large\"><img decoding=\"async\" loading=\"lazy\" width=\"1024\" height=\"576\" src=\"http:\/\/yanica.fr\/wp-content\/uploads\/2020\/05\/IMG_0282-1-1024x576.jpg\" alt=\"\" class=\"wp-image-251\" srcset=\"https:\/\/yanica.fr\/wp-content\/uploads\/2020\/05\/IMG_0282-1-1024x576.jpg 1024w, https:\/\/yanica.fr\/wp-content\/uploads\/2020\/05\/IMG_0282-1-300x169.jpg 300w, https:\/\/yanica.fr\/wp-content\/uploads\/2020\/05\/IMG_0282-1-768x432.jpg 768w, https:\/\/yanica.fr\/wp-content\/uploads\/2020\/05\/IMG_0282-1-1536x863.jpg 1536w, https:\/\/yanica.fr\/wp-content\/uploads\/2020\/05\/IMG_0282-1-2048x1151.jpg 2048w\" sizes=\"(max-width: 767px) 89vw, (max-width: 1000px) 54vw, (max-width: 1071px) 543px, 580px\" \/><figcaption>Fran\u00e7ois<\/figcaption><\/figure>\n\n\n\n<p>Et puis Lo\u00efc qui a rejoint le chantier d\u00e9but d\u00e9cembre. Lo\u00efc a commenc\u00e9 sa vie de \u00ab\u00a0grand\u00a0\u00bb par 5 ans de macdo puis a pass\u00e9 un CAP de charpente \u00e9b\u00e9nisterie \u00e0 Strasbourg, sa r\u00e9gion d&rsquo;origine. Il est ensuite entr\u00e9 comme \u00ab\u00a0\u00e9l\u00e8ve-stagiaire\u00a0\u00bb \u00e0 Skol Ar Mor de Mesquer. C&rsquo;est l\u00e0 que Fran\u00e7ois l&rsquo;a rep\u00e9r\u00e9 !. Lo\u00efc aime le travail bien fait et l&rsquo;allonge de voute, c&rsquo;est beaucoup son \u0153uvre.<\/p>\n\n\n\n<p>Lo\u00efc a aussi beaucoup pratiqu\u00e9 l&rsquo;\u00e9quitation et la moto.<\/p>\n\n\n\n<figure class=\"wp-block-image size-large\"><img decoding=\"async\" loading=\"lazy\" width=\"1024\" height=\"576\" src=\"http:\/\/yanica.fr\/wp-content\/uploads\/2020\/05\/IMG_0281-1024x576.jpg\" alt=\"\" class=\"wp-image-252\" srcset=\"https:\/\/yanica.fr\/wp-content\/uploads\/2020\/05\/IMG_0281-1024x576.jpg 1024w, https:\/\/yanica.fr\/wp-content\/uploads\/2020\/05\/IMG_0281-300x169.jpg 300w, https:\/\/yanica.fr\/wp-content\/uploads\/2020\/05\/IMG_0281-768x432.jpg 768w, https:\/\/yanica.fr\/wp-content\/uploads\/2020\/05\/IMG_0281-1536x863.jpg 1536w, https:\/\/yanica.fr\/wp-content\/uploads\/2020\/05\/IMG_0281-2048x1151.jpg 2048w\" sizes=\"(max-width: 767px) 89vw, (max-width: 1000px) 54vw, (max-width: 1071px) 543px, 580px\" \/><figcaption>Lo\u00efc     qui rigole<\/figcaption><\/figure>\n\n\n\n<p>Et le troisi\u00e8me homme, c&rsquo;est Robin qui aurait \u00e9t\u00e9 professeur de fran\u00e7ais au Canada puis est parti en formation  CAP de charpentier de  marine au lyc\u00e9e Edmond Doucet d&rsquo;Equeurdreville pr\u00e8s de Cherbourg.<\/p>\n\n\n\n<p>Il est en contrat d&rsquo;apprentissage mais n&rsquo;a pas vu le lyc\u00e9e depuis deux mois, covid oblige.<\/p>\n\n\n\n<figure class=\"wp-block-image size-large\"><img decoding=\"async\" loading=\"lazy\" width=\"1024\" height=\"576\" src=\"http:\/\/yanica.fr\/wp-content\/uploads\/2020\/05\/IMG_0280-1024x576.jpg\" alt=\"\" class=\"wp-image-253\" srcset=\"https:\/\/yanica.fr\/wp-content\/uploads\/2020\/05\/IMG_0280-1024x576.jpg 1024w, https:\/\/yanica.fr\/wp-content\/uploads\/2020\/05\/IMG_0280-300x169.jpg 300w, https:\/\/yanica.fr\/wp-content\/uploads\/2020\/05\/IMG_0280-768x432.jpg 768w, https:\/\/yanica.fr\/wp-content\/uploads\/2020\/05\/IMG_0280-1536x863.jpg 1536w, https:\/\/yanica.fr\/wp-content\/uploads\/2020\/05\/IMG_0280-2048x1151.jpg 2048w\" sizes=\"(max-width: 767px) 89vw, (max-width: 1000px) 54vw, (max-width: 1071px) 543px, 580px\" \/><figcaption>Robin , petite trentaine<\/figcaption><\/figure>\n\n\n\n<p>Depuis une semaine, ils ont encore enlev\u00e9 du bord\u00e9 \u00e0 tribord, mais pos\u00e9 la nouvelle cloison , celle qui sera entre cabine arri\u00e8re et table \u00e0 cartes. Ils ont aussi d\u00fb changer de nouvelles membrures sous lesquelles le fameux champignon de la caurite \u00e9tait \u00e0 l\u2019\u0153uvre.<\/p>\n\n\n\n<figure class=\"wp-block-image size-large\"><img decoding=\"async\" loading=\"lazy\" width=\"1024\" height=\"768\" src=\"http:\/\/yanica.fr\/wp-content\/uploads\/2020\/05\/IMG_0287-1024x768.jpg\" alt=\"\" class=\"wp-image-254\" srcset=\"https:\/\/yanica.fr\/wp-content\/uploads\/2020\/05\/IMG_0287-1024x768.jpg 1024w, https:\/\/yanica.fr\/wp-content\/uploads\/2020\/05\/IMG_0287-300x225.jpg 300w, https:\/\/yanica.fr\/wp-content\/uploads\/2020\/05\/IMG_0287-768x576.jpg 768w, https:\/\/yanica.fr\/wp-content\/uploads\/2020\/05\/IMG_0287-1536x1152.jpg 1536w, https:\/\/yanica.fr\/wp-content\/uploads\/2020\/05\/IMG_0287-2048x1536.jpg 2048w\" sizes=\"(max-width: 767px) 89vw, (max-width: 1000px) 54vw, (max-width: 1071px) 543px, 580px\" \/><figcaption>Les pattes de Robin, des trous &#8230;      et des membrures neuves<\/figcaption><\/figure>\n\n\n\n<figure class=\"wp-block-image size-large\"><img decoding=\"async\" loading=\"lazy\" width=\"1024\" height=\"768\" src=\"http:\/\/yanica.fr\/wp-content\/uploads\/2020\/05\/IMG_0285-1024x768.jpg\" alt=\"\" class=\"wp-image-255\" srcset=\"https:\/\/yanica.fr\/wp-content\/uploads\/2020\/05\/IMG_0285-1024x768.jpg 1024w, https:\/\/yanica.fr\/wp-content\/uploads\/2020\/05\/IMG_0285-300x225.jpg 300w, https:\/\/yanica.fr\/wp-content\/uploads\/2020\/05\/IMG_0285-768x576.jpg 768w, https:\/\/yanica.fr\/wp-content\/uploads\/2020\/05\/IMG_0285-1536x1152.jpg 1536w, https:\/\/yanica.fr\/wp-content\/uploads\/2020\/05\/IMG_0285-2048x1536.jpg 2048w\" sizes=\"(max-width: 767px) 89vw, (max-width: 1000px) 54vw, (max-width: 1071px) 543px, 580px\" \/><figcaption>Encore les pattes de Robin mais \u00e0 droite la nouvelle cloison. Qui passera le premier cette porte pour aller au dodo ? le second trou circulaire c&rsquo;est pour recevoir le joli lavabo inox repliable de la cabine arri\u00e8re.<\/figcaption><\/figure>\n","protected":false},"excerpt":{"rendered":"<p>Il est temps de pr\u00e9senter ceux qui prennent soin de Yanica tous les jours. Il y a d&rsquo;abord Fran\u00e7ois Blatrix, la cl\u00e9 de notre chantier . Fran\u00e7ois se pr\u00e9sente tout seul si vous allez sur son blog : http:\/\/www.frabla.net Et puis Lo\u00efc qui a rejoint le chantier d\u00e9but d\u00e9cembre. Lo\u00efc a commenc\u00e9 sa vie de &hellip; <\/p>\n<p class=\"link-more\"><a href=\"https:\/\/yanica.fr\/?p=250\" class=\"more-link\">Continuer la lecture<span class=\"screen-reader-text\"> de &laquo;&nbsp;Mais qui fait quoi ici ?&nbsp;&raquo;<\/span><\/a><\/p>\n","protected":false},"author":1,"featured_media":0,"comment_status":"open","ping_status":"open","sticky":false,"template":"","format":"standard","meta":{"jetpack_post_was_ever_published":false,"_jetpack_newsletter_access":"","footnotes":""},"categories":[1,6],"tags":[],"jetpack_featured_media_url":"","jetpack_sharing_enabled":true,"_links":{"self":[{"href":"https:\/\/yanica.fr\/index.php?rest_route=\/wp\/v2\/posts\/250"}],"collection":[{"href":"https:\/\/yanica.fr\/index.php?rest_route=\/wp\/v2\/posts"}],"about":[{"href":"https:\/\/yanica.fr\/index.php?rest_route=\/wp\/v2\/types\/post"}],"author":[{"embeddable":true,"href":"https:\/\/yanica.fr\/index.php?rest_route=\/wp\/v2\/users\/1"}],"replies":[{"embeddable":true,"href":"https:\/\/yanica.fr\/index.php?rest_route=%2Fwp%2Fv2%2Fcomments&post=250"}],"version-history":[{"count":1,"href":"https:\/\/yanica.fr\/index.php?rest_route=\/wp\/v2\/posts\/250\/revisions"}],"predecessor-version":[{"id":256,"href":"https:\/\/yanica.fr\/index.php?rest_route=\/wp\/v2\/posts\/250\/revisions\/256"}],"wp:attachment":[{"href":"https:\/\/yanica.fr\/index.php?rest_route=%2Fwp%2Fv2%2Fmedia&parent=250"}],"wp:term":[{"taxonomy":"category","embeddable":true,"href":"https:\/\/yanica.fr\/index.php?rest_route=%2Fwp%2Fv2%2Fcategories&post=250"},{"taxonomy":"post_tag","embeddable":true,"href":"https:\/\/yanica.fr\/index.php?rest_route=%2Fwp%2Fv2%2Ftags&post=250"}],"curies":[{"name":"wp","href":"https:\/\/api.w.org\/{rel}","templated":true}]}}