{"id":228,"date":"2020-04-18T17:44:49","date_gmt":"2020-04-18T15:44:49","guid":{"rendered":"http:\/\/yanica.fr\/?p=228"},"modified":"2023-10-28T18:10:02","modified_gmt":"2023-10-28T16:10:02","slug":"1970-yanica-descend-en-mediterranee","status":"publish","type":"post","link":"https:\/\/yanica.fr\/?p=228","title":{"rendered":"1970  Yanica descend en M\u00e9diterran\u00e9e"},"content":{"rendered":"\n<p>Deux photos envoy\u00e9es par Andr\u00e9 Pouchet, le jeune homme \u00e0 babord !! .Publi\u00e9es avec son accord.<\/p>\n\n\n\n<figure class=\"wp-block-image size-large\"><img decoding=\"async\" loading=\"lazy\" width=\"1024\" height=\"693\" src=\"http:\/\/yanica.fr\/wp-content\/uploads\/2020\/04\/Andr\u00e9-Pouchet-\u00e0-la-barre-1970-1024x693.jpg\" alt=\"\" class=\"wp-image-229\" srcset=\"https:\/\/yanica.fr\/wp-content\/uploads\/2020\/04\/Andr\u00e9-Pouchet-\u00e0-la-barre-1970-1024x693.jpg 1024w, https:\/\/yanica.fr\/wp-content\/uploads\/2020\/04\/Andr\u00e9-Pouchet-\u00e0-la-barre-1970-300x203.jpg 300w, https:\/\/yanica.fr\/wp-content\/uploads\/2020\/04\/Andr\u00e9-Pouchet-\u00e0-la-barre-1970-768x520.jpg 768w, https:\/\/yanica.fr\/wp-content\/uploads\/2020\/04\/Andr\u00e9-Pouchet-\u00e0-la-barre-1970.jpg 1444w\" sizes=\"(max-width: 767px) 89vw, (max-width: 1000px) 54vw, (max-width: 1071px) 543px, 580px\" \/><figcaption>Andr\u00e9 Pouchet \u00e0 la barre. Il y a des lattes antid\u00e9rapantes en teck sur les bancs.<\/figcaption><\/figure>\n\n\n\n\n\n<figure class=\"wp-block-image size-large\"><img decoding=\"async\" loading=\"lazy\" width=\"1024\" height=\"705\" src=\"http:\/\/yanica.fr\/wp-content\/uploads\/2020\/04\/a-babord-Andr\u00e9-Pouchet-1970-1024x705.jpg\" alt=\"\" class=\"wp-image-230\" srcset=\"https:\/\/yanica.fr\/wp-content\/uploads\/2020\/04\/a-babord-Andr\u00e9-Pouchet-1970-1024x705.jpg 1024w, https:\/\/yanica.fr\/wp-content\/uploads\/2020\/04\/a-babord-Andr\u00e9-Pouchet-1970-300x206.jpg 300w, https:\/\/yanica.fr\/wp-content\/uploads\/2020\/04\/a-babord-Andr\u00e9-Pouchet-1970-768x528.jpg 768w, https:\/\/yanica.fr\/wp-content\/uploads\/2020\/04\/a-babord-Andr\u00e9-Pouchet-1970-1536x1057.jpg 1536w, https:\/\/yanica.fr\/wp-content\/uploads\/2020\/04\/a-babord-Andr\u00e9-Pouchet-1970-2048x1409.jpg 2048w\" sizes=\"(max-width: 767px) 89vw, (max-width: 1000px) 54vw, (max-width: 1071px) 543px, 580px\" \/><figcaption>Andr\u00e9 \u00e0 b\u00e2bord. Il cherche qui est avec lui ,ici.<\/figcaption><\/figure>\n","protected":false},"excerpt":{"rendered":"<p>Deux photos envoy\u00e9es par Andr\u00e9 Pouchet, le jeune homme \u00e0 babord !! .Publi\u00e9es avec son accord.<\/p>\n","protected":false},"author":1,"featured_media":0,"comment_status":"open","ping_status":"open","sticky":false,"template":"","format":"standard","meta":{"jetpack_post_was_ever_published":false,"_jetpack_newsletter_access":"","footnotes":""},"categories":[1,6],"tags":[],"jetpack_featured_media_url":"","jetpack_sharing_enabled":true,"_links":{"self":[{"href":"https:\/\/yanica.fr\/index.php?rest_route=\/wp\/v2\/posts\/228"}],"collection":[{"href":"https:\/\/yanica.fr\/index.php?rest_route=\/wp\/v2\/posts"}],"about":[{"href":"https:\/\/yanica.fr\/index.php?rest_route=\/wp\/v2\/types\/post"}],"author":[{"embeddable":true,"href":"https:\/\/yanica.fr\/index.php?rest_route=\/wp\/v2\/users\/1"}],"replies":[{"embeddable":true,"href":"https:\/\/yanica.fr\/index.php?rest_route=%2Fwp%2Fv2%2Fcomments&post=228"}],"version-history":[{"count":1,"href":"https:\/\/yanica.fr\/index.php?rest_route=\/wp\/v2\/posts\/228\/revisions"}],"predecessor-version":[{"id":231,"href":"https:\/\/yanica.fr\/index.php?rest_route=\/wp\/v2\/posts\/228\/revisions\/231"}],"wp:attachment":[{"href":"https:\/\/yanica.fr\/index.php?rest_route=%2Fwp%2Fv2%2Fmedia&parent=228"}],"wp:term":[{"taxonomy":"category","embeddable":true,"href":"https:\/\/yanica.fr\/index.php?rest_route=%2Fwp%2Fv2%2Fcategories&post=228"},{"taxonomy":"post_tag","embeddable":true,"href":"https:\/\/yanica.fr\/index.php?rest_route=%2Fwp%2Fv2%2Ftags&post=228"}],"curies":[{"name":"wp","href":"https:\/\/api.w.org\/{rel}","templated":true}]}}