{"id":204,"date":"2020-04-04T12:24:36","date_gmt":"2020-04-04T10:24:36","guid":{"rendered":"http:\/\/yanica.fr\/?p=204"},"modified":"2023-10-28T18:10:02","modified_gmt":"2023-10-28T16:10:02","slug":"breve-du-avril","status":"publish","type":"post","link":"https:\/\/yanica.fr\/?p=204","title":{"rendered":"BR\u00c8VE DU  2 AVRIL"},"content":{"rendered":"\n<p>A d\u00e9faut de pouvoir aller au chantier, c&rsquo;est Fran\u00e7ois Blatrix qui transmets les information sur l&rsquo;avancement de leurs travaux. On voit sur ces photos que la structure de la voute est bien termin\u00e9e , mais que ( c&rsquo;est Fran\u00e7ois qui le dit !) les charpentiers ont d\u00fb faire de nouveaux trous dans le bord\u00e9 !. Lequel bord\u00e9 commence \u00e0 se reconstituer par dessus les serres bauqui\u00e8res neuves. Des lattes d&rsquo;acajou de 12m\/m d&rsquo;\u00e9paisseur recevront les trois plis crois\u00e9s de restitution du bord\u00e9.<\/p>\n\n\n\n<p>Il y a aussi du neuf avec une cloison arri\u00e8re de cabine arri\u00e8re ( ou cloison en avant du cockpit !) qui a \u00e9t\u00e9 d\u00e9pos\u00e9e et une nouvelle est pr\u00eate . Cette cloison est tr\u00e8s fortement \u00e9vid\u00e9e, non?. Au d\u00e9montage, ils ont trouv\u00e9 de nombreux points de d\u00e9collement et pourriture dans cette cloison. La nouvelle sera cal\u00e9e en pied par des membrures en acacia ploy\u00e9. Fran\u00e7ois et Lo\u00efc ont construit une petite \u00e9tuve et trouv\u00e9 de l&rsquo;acacia chez le marchand.<\/p>\n\n\n\n<figure class=\"wp-block-image size-large\"><img decoding=\"async\" loading=\"lazy\" width=\"900\" height=\"600\" src=\"http:\/\/yanica.fr\/wp-content\/uploads\/2020\/04\/DSCF0696.jpg\" alt=\"\" class=\"wp-image-208\" srcset=\"https:\/\/yanica.fr\/wp-content\/uploads\/2020\/04\/DSCF0696.jpg 900w, https:\/\/yanica.fr\/wp-content\/uploads\/2020\/04\/DSCF0696-300x200.jpg 300w, https:\/\/yanica.fr\/wp-content\/uploads\/2020\/04\/DSCF0696-768x512.jpg 768w\" sizes=\"(max-width: 767px) 89vw, (max-width: 1000px) 54vw, (max-width: 1071px) 543px, 580px\" \/><figcaption>la nouvelle cloison<\/figcaption><\/figure>\n\n\n\n<figure class=\"wp-block-image size-large\"><img decoding=\"async\" loading=\"lazy\" width=\"800\" height=\"533\" src=\"http:\/\/yanica.fr\/wp-content\/uploads\/2020\/04\/DSCF0683-1.jpg\" alt=\"\" class=\"wp-image-209\" srcset=\"https:\/\/yanica.fr\/wp-content\/uploads\/2020\/04\/DSCF0683-1.jpg 800w, https:\/\/yanica.fr\/wp-content\/uploads\/2020\/04\/DSCF0683-1-300x200.jpg 300w, https:\/\/yanica.fr\/wp-content\/uploads\/2020\/04\/DSCF0683-1-768x512.jpg 768w\" sizes=\"(max-width: 767px) 89vw, (max-width: 1000px) 54vw, (max-width: 1071px) 543px, 580px\" \/><figcaption>quelques nouveau trous du bord\u00e9 de voute &#8230;<\/figcaption><\/figure>\n\n\n\n<figure class=\"wp-block-image size-large\"><img decoding=\"async\" loading=\"lazy\" width=\"800\" height=\"533\" src=\"http:\/\/yanica.fr\/wp-content\/uploads\/2020\/04\/DSCF0686-1.jpg\" alt=\"\" class=\"wp-image-210\" srcset=\"https:\/\/yanica.fr\/wp-content\/uploads\/2020\/04\/DSCF0686-1.jpg 800w, https:\/\/yanica.fr\/wp-content\/uploads\/2020\/04\/DSCF0686-1-300x200.jpg 300w, https:\/\/yanica.fr\/wp-content\/uploads\/2020\/04\/DSCF0686-1-768x512.jpg 768w\" sizes=\"(max-width: 767px) 89vw, (max-width: 1000px) 54vw, (max-width: 1071px) 543px, 580px\" \/><figcaption>les lattes d&rsquo;acajou \u00ab\u00a0accost\u00e9es \u00a0\u00bb sur les serres <\/figcaption><\/figure>\n\n\n\n<figure class=\"wp-block-image size-large\"><img decoding=\"async\" loading=\"lazy\" width=\"800\" height=\"533\" src=\"http:\/\/yanica.fr\/wp-content\/uploads\/2020\/04\/DSCF0690-1.jpg\" alt=\"\" class=\"wp-image-211\" srcset=\"https:\/\/yanica.fr\/wp-content\/uploads\/2020\/04\/DSCF0690-1.jpg 800w, https:\/\/yanica.fr\/wp-content\/uploads\/2020\/04\/DSCF0690-1-300x200.jpg 300w, https:\/\/yanica.fr\/wp-content\/uploads\/2020\/04\/DSCF0690-1-768x512.jpg 768w\" sizes=\"(max-width: 767px) 89vw, (max-width: 1000px) 54vw, (max-width: 1071px) 543px, 580px\" \/><figcaption>la structure de la voute est finie<\/figcaption><\/figure>\n\n\n","protected":false},"excerpt":{"rendered":"<p>A d\u00e9faut de pouvoir aller au chantier, c&rsquo;est Fran\u00e7ois Blatrix qui transmets les information sur l&rsquo;avancement de leurs travaux. On voit sur ces photos que la structure de la voute est bien termin\u00e9e , mais que ( c&rsquo;est Fran\u00e7ois qui le dit !) les charpentiers ont d\u00fb faire de nouveaux trous dans le bord\u00e9 !. &hellip; <\/p>\n<p class=\"link-more\"><a href=\"https:\/\/yanica.fr\/?p=204\" class=\"more-link\">Continuer la lecture<span class=\"screen-reader-text\"> de &laquo;&nbsp;BR\u00c8VE DU  2 AVRIL&nbsp;&raquo;<\/span><\/a><\/p>\n","protected":false},"author":1,"featured_media":0,"comment_status":"open","ping_status":"open","sticky":false,"template":"","format":"standard","meta":{"jetpack_post_was_ever_published":false,"_jetpack_newsletter_access":"","footnotes":""},"categories":[1,6],"tags":[],"jetpack_featured_media_url":"","jetpack_sharing_enabled":true,"_links":{"self":[{"href":"https:\/\/yanica.fr\/index.php?rest_route=\/wp\/v2\/posts\/204"}],"collection":[{"href":"https:\/\/yanica.fr\/index.php?rest_route=\/wp\/v2\/posts"}],"about":[{"href":"https:\/\/yanica.fr\/index.php?rest_route=\/wp\/v2\/types\/post"}],"author":[{"embeddable":true,"href":"https:\/\/yanica.fr\/index.php?rest_route=\/wp\/v2\/users\/1"}],"replies":[{"embeddable":true,"href":"https:\/\/yanica.fr\/index.php?rest_route=%2Fwp%2Fv2%2Fcomments&post=204"}],"version-history":[{"count":2,"href":"https:\/\/yanica.fr\/index.php?rest_route=\/wp\/v2\/posts\/204\/revisions"}],"predecessor-version":[{"id":213,"href":"https:\/\/yanica.fr\/index.php?rest_route=\/wp\/v2\/posts\/204\/revisions\/213"}],"wp:attachment":[{"href":"https:\/\/yanica.fr\/index.php?rest_route=%2Fwp%2Fv2%2Fmedia&parent=204"}],"wp:term":[{"taxonomy":"category","embeddable":true,"href":"https:\/\/yanica.fr\/index.php?rest_route=%2Fwp%2Fv2%2Fcategories&post=204"},{"taxonomy":"post_tag","embeddable":true,"href":"https:\/\/yanica.fr\/index.php?rest_route=%2Fwp%2Fv2%2Ftags&post=204"}],"curies":[{"name":"wp","href":"https:\/\/api.w.org\/{rel}","templated":true}]}}