{"id":123,"date":"2019-12-13T20:47:00","date_gmt":"2019-12-13T19:47:00","guid":{"rendered":"http:\/\/yanica.fr\/?p=123"},"modified":"2023-10-28T18:10:03","modified_gmt":"2023-10-28T16:10:03","slug":"breves-du-13-decembre-2019","status":"publish","type":"post","link":"https:\/\/yanica.fr\/?p=123","title":{"rendered":"Br\u00e8ves du 13 d\u00e9cembre 2019"},"content":{"rendered":"\n<p> Il est donc confirm\u00e9 que les traces de champignons ne sont pas de la<br>m\u00e9rule mais un champignon li\u00e9 \u00e0 l&rsquo;usage de colle caurite \u00e0 certains<br>endroits. Cette colle se d\u00e9lite dans le temps en lib\u00e9rant des spores qui<br>ne migrent pas. L\u00e0 o\u00f9 il y a de la caurite, le bois est bouff\u00e9 mais pas<br>ailleurs.<\/p>\n\n\n\n<p>Visite de l&rsquo;expert MH , Jacques Pichavant, et de la Drac, mardi 14<br>janvier \u00e0 14h. D\u00e9jeuner \u00e0 organiser avant.<\/p>\n\n\n\n<p>Jacques Pichavant est aussi all\u00e9 v\u00e9rifier que le m\u00e2t \u00e9tait toujours en<br>pays bigouden. Ouf, oui et en plus il a \u00e9t\u00e9 extrait de l&rsquo;endroit peu<br>accessible o\u00f9 il \u00e9tait stock\u00e9 , ce qui va faciliter son rapatriement en<br>Morbihan dans les mois qui viennent.<\/p>\n\n\n\n<p>Aujourd&rsquo;hui, rencontre avec d\u00e9l\u00e9gu\u00e9 Fondation du Patrimoine. Pour le<br>moment, on ne change rien \u00e0 la convention pour deux tranches version<br>2018\/2019 et on fera un avenant apr\u00e8s. \u00e7a permet de lib\u00e9rer des sous<br>plus vite.<\/p>\n\n\n\n<p>La fondation a aussi vot\u00e9 en octobre dernier une seconde subvention de<br>6.000 \u20ac pour compenser leurs pr\u00e9l\u00e8vements de frais de gestion.<\/p>\n\n\n\n<p>Je vais voir&nbsp;Yanica&nbsp;lundi AM avec Michel Cardin.<br><\/p>\n\n\n<p><!--EndFragment--><br \/><br \/><\/p>\n\n\n<p><\/p>\n","protected":false},"excerpt":{"rendered":"<p>Il est donc confirm\u00e9 que les traces de champignons ne sont pas de lam\u00e9rule mais un champignon li\u00e9 \u00e0 l&rsquo;usage de colle caurite \u00e0 certainsendroits. Cette colle se d\u00e9lite dans le temps en lib\u00e9rant des spores quine migrent pas. L\u00e0 o\u00f9 il y a de la caurite, le bois est bouff\u00e9 mais pasailleurs. Visite de &hellip; <\/p>\n<p class=\"link-more\"><a href=\"https:\/\/yanica.fr\/?p=123\" class=\"more-link\">Continuer la lecture<span class=\"screen-reader-text\"> de &laquo;&nbsp;Br\u00e8ves du 13 d\u00e9cembre 2019&nbsp;&raquo;<\/span><\/a><\/p>\n","protected":false},"author":1,"featured_media":0,"comment_status":"open","ping_status":"open","sticky":false,"template":"","format":"standard","meta":{"jetpack_post_was_ever_published":false,"_jetpack_newsletter_access":"","footnotes":""},"categories":[1,6],"tags":[],"jetpack_featured_media_url":"","jetpack_sharing_enabled":true,"_links":{"self":[{"href":"https:\/\/yanica.fr\/index.php?rest_route=\/wp\/v2\/posts\/123"}],"collection":[{"href":"https:\/\/yanica.fr\/index.php?rest_route=\/wp\/v2\/posts"}],"about":[{"href":"https:\/\/yanica.fr\/index.php?rest_route=\/wp\/v2\/types\/post"}],"author":[{"embeddable":true,"href":"https:\/\/yanica.fr\/index.php?rest_route=\/wp\/v2\/users\/1"}],"replies":[{"embeddable":true,"href":"https:\/\/yanica.fr\/index.php?rest_route=%2Fwp%2Fv2%2Fcomments&post=123"}],"version-history":[{"count":1,"href":"https:\/\/yanica.fr\/index.php?rest_route=\/wp\/v2\/posts\/123\/revisions"}],"predecessor-version":[{"id":124,"href":"https:\/\/yanica.fr\/index.php?rest_route=\/wp\/v2\/posts\/123\/revisions\/124"}],"wp:attachment":[{"href":"https:\/\/yanica.fr\/index.php?rest_route=%2Fwp%2Fv2%2Fmedia&parent=123"}],"wp:term":[{"taxonomy":"category","embeddable":true,"href":"https:\/\/yanica.fr\/index.php?rest_route=%2Fwp%2Fv2%2Fcategories&post=123"},{"taxonomy":"post_tag","embeddable":true,"href":"https:\/\/yanica.fr\/index.php?rest_route=%2Fwp%2Fv2%2Ftags&post=123"}],"curies":[{"name":"wp","href":"https:\/\/api.w.org\/{rel}","templated":true}]}}